{"id":99,"date":"2011-12-04T00:13:56","date_gmt":"2011-12-03T23:13:56","guid":{"rendered":"\/?p=99"},"modified":"2011-12-04T00:13:56","modified_gmt":"2011-12-03T23:13:56","slug":"prvni-den-v-parku-pravikov","status":"publish","type":"post","link":"https:\/\/parkpravikov.cz\/es\/prvni-den-v-parku-pravikov\/","title":{"rendered":"Prvn\u00ed den v Parku Prav\u00edkov"},"content":{"rendered":"<p><iframe loading=\"lazy\" title=\"Prvni den Parku Pravikov\" width=\"800\" height=\"450\" src=\"https:\/\/www.youtube.com\/embed\/MuL9n2N2vVA?feature=oembed\" frameborder=\"0\" allow=\"accelerometer; autoplay; clipboard-write; encrypted-media; gyroscope; picture-in-picture\" allowfullscreen><\/iframe><\/p>\n<p>Proch\u00e1zka pr\u00e1v\u011b zakoupenou nemovitost\u00ed a pozemkem v Prav\u00edkov\u011b.<\/p>","protected":false},"excerpt":{"rendered":"<p>Proch\u00e1zka pr\u00e1v\u011b zakoupenou nemovitost\u00ed a pozemkem v Prav\u00edkov\u011b.<\/p>","protected":false},"author":1,"featured_media":0,"comment_status":"closed","ping_status":"closed","sticky":false,"template":"","format":"standard","meta":[],"categories":[3],"tags":[],"_links":{"self":[{"href":"https:\/\/parkpravikov.cz\/es\/wp-json\/wp\/v2\/posts\/99"}],"collection":[{"href":"https:\/\/parkpravikov.cz\/es\/wp-json\/wp\/v2\/posts"}],"about":[{"href":"https:\/\/parkpravikov.cz\/es\/wp-json\/wp\/v2\/types\/post"}],"author":[{"embeddable":true,"href":"https:\/\/parkpravikov.cz\/es\/wp-json\/wp\/v2\/users\/1"}],"replies":[{"embeddable":true,"href":"https:\/\/parkpravikov.cz\/es\/wp-json\/wp\/v2\/comments?post=99"}],"version-history":[{"count":2,"href":"https:\/\/parkpravikov.cz\/es\/wp-json\/wp\/v2\/posts\/99\/revisions"}],"predecessor-version":[{"id":101,"href":"https:\/\/parkpravikov.cz\/es\/wp-json\/wp\/v2\/posts\/99\/revisions\/101"}],"wp:attachment":[{"href":"https:\/\/parkpravikov.cz\/es\/wp-json\/wp\/v2\/media?parent=99"}],"wp:term":[{"taxonomy":"category","embeddable":true,"href":"https:\/\/parkpravikov.cz\/es\/wp-json\/wp\/v2\/categories?post=99"},{"taxonomy":"post_tag","embeddable":true,"href":"https:\/\/parkpravikov.cz\/es\/wp-json\/wp\/v2\/tags?post=99"}],"curies":[{"name":"wp","href":"https:\/\/api.w.org\/{rel}","templated":true}]}}