{"id":715,"date":"2012-04-05T09:48:39","date_gmt":"2012-04-05T07:48:39","guid":{"rendered":"\/?p=715"},"modified":"2012-04-05T11:01:11","modified_gmt":"2012-04-05T09:01:11","slug":"vitani-jara-v-parku-pravikov","status":"publish","type":"post","link":"https:\/\/parkpravikov.cz\/es\/vitani-jara-v-parku-pravikov\/","title":{"rendered":"V\u00edt\u00e1n\u00ed jara v Parku Prav\u00edkov"},"content":{"rendered":"<p><iframe loading=\"lazy\" title=\"P\u0159iv\u00edt\u00e1n\u00ed jara v Parku studi\u00ed a reflexe v Prav\u00edkov\u011b\" width=\"800\" height=\"450\" src=\"https:\/\/www.youtube.com\/embed\/1zFTwEBk30M?feature=oembed\" frameborder=\"0\" allow=\"accelerometer; autoplay; clipboard-write; encrypted-media; gyroscope; picture-in-picture\" allowfullscreen><\/iframe><\/p>\n<p>V sobotu 24. b\u0159ezna 2012 jsme se v Parku Prav\u00edkov se\u0161li ke <a title=\"Spole\u010dn\u00e1 \u017e\u00e1dost za hlubokou zm\u011bnu a oslava jara\" href=\"\/es\/blog\/2012\/03\/02\/spolecna-zadost-za-hlubokou-zmenu-a-oslava-jara\/\">spole\u010dn\u00e9 \u017e\u00e1dosti za hlubokou zm\u011bnu<\/a>. V kr\u00e1sn\u00e9 atmosf\u00e9\u0159e jsme potom zasadili \u201en\u00e1\u0161&#8220; prvn\u00ed strom, abychom tak v Parku symbolicky p\u0159iv\u00edtali jaro. Liliovn\u00edk jsme pojmenovali Radost a na radostn\u00e9 vln\u011b jsme str\u00e1vili i zbytek dne.<\/p>","protected":false},"excerpt":{"rendered":"<p>V sobotu 24. b\u0159ezna 2012 jsme se v Parku Prav\u00edkov se\u0161li ke spole\u010dn\u00e9 \u017e\u00e1dosti za hlubokou zm\u011bnu. V kr\u00e1sn\u00e9 atmosf\u00e9\u0159e jsme potom zasadili \u201en\u00e1\u0161&#8220; prvn\u00ed strom, abychom tak v Parku symbolicky p\u0159iv\u00edtali jaro. Liliovn\u00edk jsme pojmenovali Radost a na radostn\u00e9 vln\u011b jsme str\u00e1vili i zbytek dne.<\/p>","protected":false},"author":25,"featured_media":0,"comment_status":"closed","ping_status":"closed","sticky":false,"template":"","format":"standard","meta":[],"categories":[3],"tags":[],"_links":{"self":[{"href":"https:\/\/parkpravikov.cz\/es\/wp-json\/wp\/v2\/posts\/715"}],"collection":[{"href":"https:\/\/parkpravikov.cz\/es\/wp-json\/wp\/v2\/posts"}],"about":[{"href":"https:\/\/parkpravikov.cz\/es\/wp-json\/wp\/v2\/types\/post"}],"author":[{"embeddable":true,"href":"https:\/\/parkpravikov.cz\/es\/wp-json\/wp\/v2\/users\/25"}],"replies":[{"embeddable":true,"href":"https:\/\/parkpravikov.cz\/es\/wp-json\/wp\/v2\/comments?post=715"}],"version-history":[{"count":12,"href":"https:\/\/parkpravikov.cz\/es\/wp-json\/wp\/v2\/posts\/715\/revisions"}],"predecessor-version":[{"id":730,"href":"https:\/\/parkpravikov.cz\/es\/wp-json\/wp\/v2\/posts\/715\/revisions\/730"}],"wp:attachment":[{"href":"https:\/\/parkpravikov.cz\/es\/wp-json\/wp\/v2\/media?parent=715"}],"wp:term":[{"taxonomy":"category","embeddable":true,"href":"https:\/\/parkpravikov.cz\/es\/wp-json\/wp\/v2\/categories?post=715"},{"taxonomy":"post_tag","embeddable":true,"href":"https:\/\/parkpravikov.cz\/es\/wp-json\/wp\/v2\/tags?post=715"}],"curies":[{"name":"wp","href":"https:\/\/api.w.org\/{rel}","templated":true}]}}