{"id":4819,"date":"2024-11-27T09:27:25","date_gmt":"2024-11-27T09:27:25","guid":{"rendered":"http:\/\/parkpravikov.cz\/?p=4819"},"modified":"2024-11-27T09:33:35","modified_gmt":"2024-11-27T09:33:35","slug":"pokrytectvi-zapadu-krize-hodnot-imigrace-a-rozvojovy-svet","status":"publish","type":"post","link":"https:\/\/parkpravikov.cz\/es\/pokrytectvi-zapadu-krize-hodnot-imigrace-a-rozvojovy-svet\/","title":{"rendered":"Pokrytectv\u00ed Z\u00e1padu, krize hodnot, imigrace a rozvojov\u00fd sv\u011bt"},"content":{"rendered":"<figure class=\"wp-block-image size-large\"><img loading=\"lazy\" width=\"1024\" height=\"576\" src=\"http:\/\/parkpravikov.cz\/wp-content\/uploads\/2024\/11\/ficnova-1024x576.jpeg\" alt=\"\" class=\"wp-image-4820\" srcset=\"https:\/\/parkpravikov.cz\/wp-content\/uploads\/2024\/11\/ficnova-1024x576.jpeg 1024w, https:\/\/parkpravikov.cz\/wp-content\/uploads\/2024\/11\/ficnova-300x169.jpeg 300w, https:\/\/parkpravikov.cz\/wp-content\/uploads\/2024\/11\/ficnova-768x432.jpeg 768w, https:\/\/parkpravikov.cz\/wp-content\/uploads\/2024\/11\/ficnova-18x10.jpeg 18w, https:\/\/parkpravikov.cz\/wp-content\/uploads\/2024\/11\/ficnova.jpeg 1512w\" sizes=\"(max-width: 1024px) 100vw, 1024px\" \/><\/figure>\n\n\n\n<p>13. prosince, 18:30 hod.<br>Tibet Open House, \u0160kolsk\u00e1 28, Praha 1<\/p>\n\n\n\n<p>V r\u00e1mci <strong>3. Sv\u011btov\u00e9ho pochodu za m\u00edr a nen\u00e1sil\u00ed v<\/strong>\u00e1s srde\u010dn\u011b zveme na dal\u0161\u00ed akci na aktu\u00e1ln\u00ed t\u00e9ma. Pokrytectv\u00ed Z\u00e1padu, krize hodnot, imigrace a rozvojov\u00fd sv\u011bt.<\/p>\n\n\n\n<p><strong>Program<\/strong>:<br><strong>Prom\u00edt\u00e1n\u00ed dokumentu \u201eHaHaTay\u201c<\/strong> z Filmov\u00e9ho festivalu aktivn\u00edho nen\u00e1sil\u00ed Ficnova, kter\u00fd se zab\u00fdv\u00e1 tolik aktu\u00e1ln\u00edm t\u00e9matem imigrace, kriz\u00ed hodnot na\u0161eho sv\u011bta, rozvojovou spoluprac\u00ed i pohledem na podstatu lidsk\u00e9 bytosti, kterou nezastav\u00ed \u017e\u00e1dn\u00e1 hranice.<\/p>\n\n\n\n<p>Dokument ukazuje inspirativn\u00ed p\u0159\u00edklad mlad\u00fdch lid\u00ed ze Senegalu, kte\u0159\u00ed ka\u017ed\u00fd den pracuj\u00ed na rozvoji pot\u0159ebn\u00fdch p\u0159\u00edle\u017eitost\u00ed, aby ka\u017ed\u00fd obyvatel Gandiolu m\u011bl mo\u017enost rozhodovat o sv\u00e9m \u017eivot\u011b.<\/p>\n\n\n\n<p>Beseda nad ot\u00e1zkou: <strong>\u201eJak zajistit d\u016fstojn\u00fd \u017eivot v\u0161em lidem a nestav\u011bt \u201eostnat\u00e9\u201c hranice?<\/strong><\/p>\n\n\n\n<p><strong>Beseduj\u00edc\u00ed<\/strong>:<br>Dana Feminov\u00e1 (Centrum Narovinu, o.p.s.)<br>Ji\u0159\u00ed Siln\u00fd (Ekumenick\u00e1 Akademie)<br>HWPL<\/p>","protected":false},"excerpt":{"rendered":"<p>13. prosince, 18:30 hod.Tibet Open House, \u0160kolsk\u00e1 28, Praha 1 V r\u00e1mci 3. Sv\u011btov\u00e9ho pochodu za m\u00edr a nen\u00e1sil\u00ed v\u00e1s srde\u010dn\u011b zveme na dal\u0161\u00ed akci na aktu\u00e1ln\u00ed t\u00e9ma. Pokrytectv\u00ed Z\u00e1padu, krize hodnot, imigrace a rozvojov\u00fd sv\u011bt. Program:Prom\u00edt\u00e1n\u00ed dokumentu \u201eHaHaTay\u201c z Filmov\u00e9ho festivalu aktivn\u00edho nen\u00e1sil\u00ed Ficnova, kter\u00fd se zab\u00fdv\u00e1 tolik aktu\u00e1ln\u00edm t\u00e9matem imigrace, kriz\u00ed hodnot na\u0161eho [&hellip;]<\/p>","protected":false},"author":9,"featured_media":4820,"comment_status":"closed","ping_status":"open","sticky":false,"template":"","format":"standard","meta":[],"categories":[5,6,4],"tags":[],"_links":{"self":[{"href":"https:\/\/parkpravikov.cz\/es\/wp-json\/wp\/v2\/posts\/4819"}],"collection":[{"href":"https:\/\/parkpravikov.cz\/es\/wp-json\/wp\/v2\/posts"}],"about":[{"href":"https:\/\/parkpravikov.cz\/es\/wp-json\/wp\/v2\/types\/post"}],"author":[{"embeddable":true,"href":"https:\/\/parkpravikov.cz\/es\/wp-json\/wp\/v2\/users\/9"}],"replies":[{"embeddable":true,"href":"https:\/\/parkpravikov.cz\/es\/wp-json\/wp\/v2\/comments?post=4819"}],"version-history":[{"count":3,"href":"https:\/\/parkpravikov.cz\/es\/wp-json\/wp\/v2\/posts\/4819\/revisions"}],"predecessor-version":[{"id":4828,"href":"https:\/\/parkpravikov.cz\/es\/wp-json\/wp\/v2\/posts\/4819\/revisions\/4828"}],"wp:featuredmedia":[{"embeddable":true,"href":"https:\/\/parkpravikov.cz\/es\/wp-json\/wp\/v2\/media\/4820"}],"wp:attachment":[{"href":"https:\/\/parkpravikov.cz\/es\/wp-json\/wp\/v2\/media?parent=4819"}],"wp:term":[{"taxonomy":"category","embeddable":true,"href":"https:\/\/parkpravikov.cz\/es\/wp-json\/wp\/v2\/categories?post=4819"},{"taxonomy":"post_tag","embeddable":true,"href":"https:\/\/parkpravikov.cz\/es\/wp-json\/wp\/v2\/tags?post=4819"}],"curies":[{"name":"wp","href":"https:\/\/api.w.org\/{rel}","templated":true}]}}