{"id":2559,"date":"2019-11-21T22:46:48","date_gmt":"2019-11-21T21:46:48","guid":{"rendered":"\/?p=2559"},"modified":"2020-02-10T23:27:26","modified_gmt":"2020-02-10T22:27:26","slug":"vikendovy-workshop-rizenych-zazitku-a-relaxace","status":"publish","type":"post","link":"https:\/\/parkpravikov.cz\/es\/vikendovy-workshop-rizenych-zazitku-a-relaxace\/","title":{"rendered":"Workshop \u0158\u00edzen\u00fdch z\u00e1\u017eitk\u016f a relaxace"},"content":{"rendered":"<p dir=\"ltr\"><a href=\"\/wp-content\/uploads\/2020\/01\/cervenec-4.jpg\"><img loading=\"lazy\" class=\"alignright  wp-image-2581\" src=\"\/wp-content\/uploads\/2020\/01\/cervenec-4-584x389.jpg\" alt=\"\" width=\"284\" height=\"189\" \/><\/a>O v\u00edkendu<strong> 8. &#8211; 9.2.2020<\/strong> prob\u011bhne v Parku studi\u00ed a reflexe praktick\u00fd workshop \u0159\u00edzen\u00fdch z\u00e1\u017eitk\u016f a relaxace, kter\u00fd je otev\u0159en v\u0161em z\u00e1jemc\u016fm o osobn\u00ed rozvoj. Osvojen\u00ed t\u011bchto jednoduch\u00fdch n\u00e1stroj\u016f a jejich n\u00e1sledn\u00e9 pou\u017e\u00edv\u00e1n\u00ed v ka\u017edodenn\u00edm \u017eivot\u011b umo\u017e\u0148uje praktikuj\u00edc\u00edmu usm\u00ed\u0159it se s ud\u00e1lostmi v minulosti, p\u0159ekonat vnit\u0159n\u00ed rozpory a n\u00e1sledn\u011b dos\u00e1hnout vnit\u0159n\u00ed harmonie.<\/p>\n<p dir=\"ltr\"><!--more-->Workshop je zdarma, \u00fa\u010dastn\u00edci hrad\u00ed pouze n\u00e1klady na ubytov\u00e1n\u00ed, stravu a dopravu.<\/p>\n<p dir=\"ltr\">Pro registraci na tento v\u00edkend, pros\u00edm vypl\u0148te <a href=\"https:\/\/forms.gle\/TGBWEszqThqs9tLj9\" target=\"_blank\">n\u00e1sleduj\u00edc\u00ed formul\u00e1\u0159<\/a> <strong>nejpozd\u011bji do 2.2.2020<\/strong>.\u00a0 S ohledem na zaji\u0161t\u011bn\u00ed ubytov\u00e1n\u00ed pro v\u0161echny \u00fa\u010dastn\u00edky v\u00e1s \u017e\u00e1d\u00e1me o v\u010dasnou registraci.<\/p>\n<p dir=\"ltr\"><a href=\"https:\/\/forms.gle\/TGBWEszqThqs9tLj9?fbclid=IwAR3clMIgNNSbHemAbIclR9LD0niCJEfqmVrbjhlx156-RoW1kFjch5LaLEk\" rel=\"nofollow noopener\" target=\"_blank\">https:\/\/forms.gle\/TGBWEszqThqs9tLj9<\/a><\/p>\n<p dir=\"ltr\"><em>Workshop se kon\u00e1 v r\u00e1mci podpory procesu Discipl\u00edn, kter\u00fd bude otev\u0159en z\u00e1jemc\u016fm o hlub\u0161\u00ed duchovn\u00ed rozvoj od 4.4.2020 do 10.10.2021. V\u00edce informac\u00ed o cel\u00e9m procesu naleznete zde: <a href=\"https:\/\/parkpravikov.cz\/es\/discipliny\/\">\/discipliny\/<\/a><\/em><\/p>","protected":false},"excerpt":{"rendered":"<p>O v\u00edkendu 8. &#8211; 9.2.2020 prob\u011bhne v Parku studi\u00ed a reflexe praktick\u00fd workshop \u0159\u00edzen\u00fdch z\u00e1\u017eitk\u016f a relaxace, kter\u00fd je otev\u0159en v\u0161em z\u00e1jemc\u016fm o osobn\u00ed rozvoj. Osvojen\u00ed t\u011bchto jednoduch\u00fdch n\u00e1stroj\u016f a jejich n\u00e1sledn\u00e9 pou\u017e\u00edv\u00e1n\u00ed v ka\u017edodenn\u00edm \u017eivot\u011b umo\u017e\u0148uje praktikuj\u00edc\u00edmu usm\u00ed\u0159it se s ud\u00e1lostmi v minulosti, p\u0159ekonat vnit\u0159n\u00ed rozpory a n\u00e1sledn\u011b dos\u00e1hnout vnit\u0159n\u00ed harmonie.<\/p>","protected":false},"author":30,"featured_media":0,"comment_status":"closed","ping_status":"closed","sticky":false,"template":"","format":"standard","meta":[],"categories":[],"tags":[],"_links":{"self":[{"href":"https:\/\/parkpravikov.cz\/es\/wp-json\/wp\/v2\/posts\/2559"}],"collection":[{"href":"https:\/\/parkpravikov.cz\/es\/wp-json\/wp\/v2\/posts"}],"about":[{"href":"https:\/\/parkpravikov.cz\/es\/wp-json\/wp\/v2\/types\/post"}],"author":[{"embeddable":true,"href":"https:\/\/parkpravikov.cz\/es\/wp-json\/wp\/v2\/users\/30"}],"replies":[{"embeddable":true,"href":"https:\/\/parkpravikov.cz\/es\/wp-json\/wp\/v2\/comments?post=2559"}],"version-history":[{"count":10,"href":"https:\/\/parkpravikov.cz\/es\/wp-json\/wp\/v2\/posts\/2559\/revisions"}],"predecessor-version":[{"id":2595,"href":"https:\/\/parkpravikov.cz\/es\/wp-json\/wp\/v2\/posts\/2559\/revisions\/2595"}],"wp:attachment":[{"href":"https:\/\/parkpravikov.cz\/es\/wp-json\/wp\/v2\/media?parent=2559"}],"wp:term":[{"taxonomy":"category","embeddable":true,"href":"https:\/\/parkpravikov.cz\/es\/wp-json\/wp\/v2\/categories?post=2559"},{"taxonomy":"post_tag","embeddable":true,"href":"https:\/\/parkpravikov.cz\/es\/wp-json\/wp\/v2\/tags?post=2559"}],"curies":[{"name":"wp","href":"https:\/\/api.w.org\/{rel}","templated":true}]}}