{"id":2453,"date":"2019-04-30T21:51:02","date_gmt":"2019-04-30T19:51:02","guid":{"rendered":"\/?p=2453"},"modified":"2019-04-30T22:16:19","modified_gmt":"2019-04-30T20:16:19","slug":"financni-kampan-na-dokonceni-centra-studii","status":"publish","type":"post","link":"https:\/\/parkpravikov.cz\/es\/financni-kampan-na-dokonceni-centra-studii\/","title":{"rendered":"Finan\u010dn\u00ed kampa\u0148 na dokon\u010den\u00ed rekonstrukce Centra studi\u00ed"},"content":{"rendered":"<p><a href=\"https:\/\/www.youtube.com\/watch?v=SUYhqY9fr64&amp;feature=youtu.be\" title=\"video o financni kampani\" target=\"_blank\"><img loading=\"lazy\" src=\"\/wp-content\/uploads\/2019\/04\/Screenshot-2019-04-30-at-22.02.42-584x326.png\" alt=\"\" width=\"584\" height=\"326\" class=\"alignleft size-large wp-image-2462\" \/><\/a><br \/>\nAbychom mohli zd\u00e1rn\u011b dokon\u010dit rekonstrukci Centra Studi\u00ed, kterou jsme zah\u00e1jili 11.4.2019, \u017e\u00e1d\u00e1me p\u0159\u00edznivce Parku Prav\u00edkov, aby dle sv\u00fdch mo\u017enost\u00ed podpo\u0159ili pr\u00e1v\u011b odstartovanou mezin\u00e1rodn\u00ed finan\u010dn\u00ed kampa\u0148.<\/p>\n<p>K\u00a0\u00fapln\u00e9mu dokon\u010den\u00ed budovy, kter\u00e1 pos\u00edl\u00ed ubytovac\u00ed kapacitu Parku pro kon\u00e1n\u00ed semin\u00e1\u0159\u016f a dal\u0161\u00edch akc\u00ed, a kter\u00e1 poskytne prostory pro studium a osobn\u00ed pr\u00e1ci lid\u00ed zapojen\u00fdch aktivn\u011b do projektu Park\u016f, pot\u0159ebujeme 1,5 mili\u00f3nu K\u010d. Tato \u010d\u00e1stka zahrnuje po\u0159\u00edzen\u00ed materi\u00e1l\u016f a vybaven\u00ed a realizaci ve\u0161ker\u00fdch stavebn\u00edch \u010dinnost\u00ed. Mnoh\u00e9 z\u00a0nich budou prob\u00edhat sv\u00e9pomoc\u00ed formou dobrovoln\u00e9ho zapojen\u00ed p\u0159\u00e1tel Parku Prav\u00edkov. P\u0159esn\u00fd rozpis prac\u00ed i term\u00edny pracovn\u00edch okam\u017eik\u016f, kdy uv\u00edt\u00e1me ka\u017edou pomocnou ruku najdete <a title=\"rekonstrukce centra studii\" href=\"\/es\/blog\/2019\/03\/18\/rekonsturkce-centra-studii\/\" target=\"_blank\">v p\u0159\u00edsp\u011bvku o rekonstrukci centra studi\u00ed<\/a>.<br \/>\n<!--more--><br \/>\nV\u00a0r\u00e1mci finan\u010dn\u00ed kampan\u011b uv\u00edt\u00e1me ka\u017ed\u00e9ho, kdo m\u016f\u017ee p\u0159isp\u00edvat trval\u00fdm m\u011bs\u00ed\u010dn\u00edm p\u0159\u00edkazem po dobu dvou let ve v\u00fd\u0161i 300,- \/ 600,- \/ 900,- \/ 1200,- \/ 1500,- K\u010d m\u011bs\u00ed\u010dn\u011b, nebo p\u0159isp\u011bje jednor\u00e1zov\u011b libovolnou \u010d\u00e1stkou dle sv\u00fdch mo\u017enost\u00ed.<br \/>\nPro p\u0159edstavu hled\u00e1me 1000 p\u0159\u00e1tel, co p\u0159isp\u011bj\u00ed\u00a0\u00a01 500,- K\u010d nebo 100 p\u0159\u00e1tel co p\u0159isp\u011bj\u00ed 15\u00a0000 K\u010d.<br \/>\nJak\u00e9koliv jin\u00e9 \u010d\u00e1stky v\u00a0souladu s va\u0161imi finan\u010dn\u00edmi mo\u017enostmi jsou samoz\u0159ejm\u011b tak\u00e9 v\u00edt\u00e1ny.<\/p>\n<p>D\u00e1rcovsk\u00fd \u00fa\u010det: 2500074734\/2010<\/p>\n<p>Je\u0161t\u011b ned\u00e1vno bylo zakoupen\u00ed Parku pouhou viz\u00ed. Nyn\u00ed existuje kr\u00e1sn\u00fd funguj\u00edc\u00ed Park Prav\u00edkov s\u00a0v\u011bt\u0161inou symbolick\u00fdch prvk\u016f, Centrem aktivit, d\u00edlnou, medita\u010dn\u00edm prostorem a p\u0159edev\u0161\u00edm s inspiruj\u00edc\u00ed atmosf\u00e9rou a podn\u011btn\u00fdm duchem tohoto speci\u00e1ln\u00edho prostoru. Bu\u010fte s\u00a0n\u00e1mi p\u0159i uskute\u010d\u0148ov\u00e1n\u00ed dal\u0161\u00edho kroku.<\/p>\n<p>Miluj skute\u010dnost, kterou vytv\u00e1\u0159\u00ed\u0161, a ani smrt nezastav\u00ed tv\u016fj let!<\/p>","protected":false},"excerpt":{"rendered":"<p>Abychom mohli zd\u00e1rn\u011b dokon\u010dit rekonstrukci Centra Studi\u00ed, kterou jsme zah\u00e1jili 11.4.2019, \u017e\u00e1d\u00e1me p\u0159\u00edznivce Parku Prav\u00edkov, aby dle sv\u00fdch mo\u017enost\u00ed podpo\u0159ili pr\u00e1v\u011b odstartovanou mezin\u00e1rodn\u00ed finan\u010dn\u00ed kampa\u0148. K\u00a0\u00fapln\u00e9mu dokon\u010den\u00ed budovy, kter\u00e1 pos\u00edl\u00ed ubytovac\u00ed kapacitu Parku pro kon\u00e1n\u00ed semin\u00e1\u0159\u016f a dal\u0161\u00edch akc\u00ed, a kter\u00e1 poskytne prostory pro studium a osobn\u00ed pr\u00e1ci lid\u00ed zapojen\u00fdch aktivn\u011b do projektu Park\u016f, pot\u0159ebujeme [&hellip;]<\/p>","protected":false},"author":30,"featured_media":0,"comment_status":"closed","ping_status":"closed","sticky":false,"template":"","format":"standard","meta":[],"categories":[],"tags":[],"_links":{"self":[{"href":"https:\/\/parkpravikov.cz\/es\/wp-json\/wp\/v2\/posts\/2453"}],"collection":[{"href":"https:\/\/parkpravikov.cz\/es\/wp-json\/wp\/v2\/posts"}],"about":[{"href":"https:\/\/parkpravikov.cz\/es\/wp-json\/wp\/v2\/types\/post"}],"author":[{"embeddable":true,"href":"https:\/\/parkpravikov.cz\/es\/wp-json\/wp\/v2\/users\/30"}],"replies":[{"embeddable":true,"href":"https:\/\/parkpravikov.cz\/es\/wp-json\/wp\/v2\/comments?post=2453"}],"version-history":[{"count":12,"href":"https:\/\/parkpravikov.cz\/es\/wp-json\/wp\/v2\/posts\/2453\/revisions"}],"predecessor-version":[{"id":2455,"href":"https:\/\/parkpravikov.cz\/es\/wp-json\/wp\/v2\/posts\/2453\/revisions\/2455"}],"wp:attachment":[{"href":"https:\/\/parkpravikov.cz\/es\/wp-json\/wp\/v2\/media?parent=2453"}],"wp:term":[{"taxonomy":"category","embeddable":true,"href":"https:\/\/parkpravikov.cz\/es\/wp-json\/wp\/v2\/categories?post=2453"},{"taxonomy":"post_tag","embeddable":true,"href":"https:\/\/parkpravikov.cz\/es\/wp-json\/wp\/v2\/tags?post=2453"}],"curies":[{"name":"wp","href":"https:\/\/api.w.org\/{rel}","templated":true}]}}