{"id":2276,"date":"2017-04-18T23:59:22","date_gmt":"2017-04-18T21:59:22","guid":{"rendered":"\/?p=2276"},"modified":"2017-04-18T23:59:22","modified_gmt":"2017-04-18T21:59:22","slug":"vikend-v-parku-2","status":"publish","type":"post","link":"https:\/\/parkpravikov.cz\/es\/vikend-v-parku-2\/","title":{"rendered":"V\u00edkend v Parku"},"content":{"rendered":"<p>Spole\u010dn\u00e9 setk\u00e1n\u00ed ke sd\u00edlen\u00ed zku\u0161enost\u00ed, t\u011b\u017ekost\u00ed i inspirac\u00ed spojen\u00fdch s vnit\u0159n\u00edm r\u016fstem a hled\u00e1n\u00edm smyslu a k vyjasn\u011bn\u00ed budouc\u00edch p\u0159edstav pro Park studi\u00ed a reflexe Prav\u00edkov&#8230;<\/p>\n<p>Kontakt: Petra Bedn\u00e1\u0159ov\u00e1 (peetja.bednarova@gmail.com, 724 595 639)<\/p>","protected":false},"excerpt":{"rendered":"<p>Spole\u010dn\u00e9 setk\u00e1n\u00ed ke sd\u00edlen\u00ed zku\u0161enost\u00ed, t\u011b\u017ekost\u00ed i inspirac\u00ed spojen\u00fdch s vnit\u0159n\u00edm r\u016fstem a hled\u00e1n\u00edm smyslu a k vyjasn\u011bn\u00ed budouc\u00edch p\u0159edstav pro Park studi\u00ed a reflexe Prav\u00edkov&#8230; Kontakt: Petra Bedn\u00e1\u0159ov\u00e1 (peetja.bednarova@gmail.com, 724 595 639)<\/p>","protected":false},"author":25,"featured_media":0,"comment_status":"closed","ping_status":"closed","sticky":false,"template":"","format":"standard","meta":[],"categories":[5],"tags":[],"_links":{"self":[{"href":"https:\/\/parkpravikov.cz\/es\/wp-json\/wp\/v2\/posts\/2276"}],"collection":[{"href":"https:\/\/parkpravikov.cz\/es\/wp-json\/wp\/v2\/posts"}],"about":[{"href":"https:\/\/parkpravikov.cz\/es\/wp-json\/wp\/v2\/types\/post"}],"author":[{"embeddable":true,"href":"https:\/\/parkpravikov.cz\/es\/wp-json\/wp\/v2\/users\/25"}],"replies":[{"embeddable":true,"href":"https:\/\/parkpravikov.cz\/es\/wp-json\/wp\/v2\/comments?post=2276"}],"version-history":[{"count":1,"href":"https:\/\/parkpravikov.cz\/es\/wp-json\/wp\/v2\/posts\/2276\/revisions"}],"predecessor-version":[{"id":2277,"href":"https:\/\/parkpravikov.cz\/es\/wp-json\/wp\/v2\/posts\/2276\/revisions\/2277"}],"wp:attachment":[{"href":"https:\/\/parkpravikov.cz\/es\/wp-json\/wp\/v2\/media?parent=2276"}],"wp:term":[{"taxonomy":"category","embeddable":true,"href":"https:\/\/parkpravikov.cz\/es\/wp-json\/wp\/v2\/categories?post=2276"},{"taxonomy":"post_tag","embeddable":true,"href":"https:\/\/parkpravikov.cz\/es\/wp-json\/wp\/v2\/tags?post=2276"}],"curies":[{"name":"wp","href":"https:\/\/api.w.org\/{rel}","templated":true}]}}