{"id":2267,"date":"2017-04-18T23:50:38","date_gmt":"2017-04-18T21:50:38","guid":{"rendered":"\/?p=2267"},"modified":"2017-06-30T10:09:15","modified_gmt":"2017-06-30T08:09:15","slug":"workshop-%e2%80%9ecesta-ohne-intuice-hloubky-lidskeho-vedomi","status":"publish","type":"post","link":"https:\/\/parkpravikov.cz\/es\/workshop-%e2%80%9ecesta-ohne-intuice-hloubky-lidskeho-vedomi\/","title":{"rendered":"Workshop \u201eCesta ohn\u011b\u201c &#8211; intuice hloubky lidsk\u00e9ho v\u011bdom\u00ed"},"content":{"rendered":"<p><a href=\"\/wp-content\/uploads\/2017\/04\/Banner-evento-Workshop_Ohne-7.jpg\"><img loading=\"lazy\" class=\"alignleft size-thumbnail wp-image-2268\" src=\"\/wp-content\/uploads\/2017\/04\/Banner-evento-Workshop_Ohne-7-150x75.jpg\" alt=\"\" width=\"150\" height=\"75\" \/><\/a>C\u00edlem tohoto workshopu je p\u0159ibl\u00ed\u017eit se hlubok\u00fdm vnit\u0159n\u00edm pro\u017eitk\u016fm lidsk\u00e9ho v\u011bdom\u00ed prost\u0159ednictv\u00edm pr\u00e1ce s ohn\u011bm.<\/p>\n<p>V pr\u016fb\u011bhu workshopu se bude proch\u00e1zet cestou, kterou pro\u0161li na\u0161i d\u00e1vn\u00ed p\u0159edkov\u00e9 \u2013 od objeven\u00ed ohn\u011b a jeho udr\u017eov\u00e1n\u00ed, p\u0159es jeho p\u0159en\u00e1\u0161en\u00ed, a\u017e po schopnost ohe\u0148 rozd\u011blat. Tato praktick\u00e1 \u010d\u00e1st bude propojena s okam\u017eiky studia, meditacemi, osobn\u00edmi reflexemi, sd\u00edlen\u00edm zku\u0161enost\u00ed\u2026<!--more--><\/p>\n<p><strong>Praktick\u00e9 informace k \u00fa\u010dasti: <\/strong><\/p>\n<p>Workshop s\u00e1m o sob\u011b je po\u0159\u00e1d\u00e1n bezplatn\u011b, ale je pot\u0159eba se pod\u011blit o nezbytn\u00e9 n\u00e1klady (stravov\u00e1n\u00ed, ubytov\u00e1n\u00ed a pot\u0159ebn\u00e9 materi\u00e1ly na workshop). Kv\u016fli organiza\u010dn\u00edm z\u00e1le\u017eitostem a omezen\u00e9mu po\u010dtu m\u00edst je \u00fa\u010dast pot\u0159eba p\u0159edem rezervovat.<\/p>\n<p><strong>Kdy:<\/strong><em> <\/em>v\u00edkend 2. \u2013 4. \u010dervna (od p\u00e1tku 19:00 do ned\u011ble 17:00)<br \/>\n<strong>Kde:<\/strong> Park studi\u00ed a reflexe Prav\u00edkov (u Kamenice nad Lipou na Vyso\u010din\u011b)<br \/>\n<strong>Informace a registrace:<\/strong> <a href=\"mailto:danafem@volny.cz\" target=\"_blank\">danafem@volny.cz<\/a>, mobil: 777 711 911<\/p>\n<p>Pozv\u00e1nka ke sta\u017een\u00ed:<br \/>\n<a href=\"\/wp-content\/uploads\/2017\/04\/Workshop_Ohne-A5.jpg\"><img loading=\"lazy\" class=\"alignnone size-large wp-image-2269\" src=\"\/wp-content\/uploads\/2017\/04\/Workshop_Ohne-A5-584x825.jpg\" alt=\"\" width=\"584\" height=\"825\" \/><\/a><\/p>","protected":false},"excerpt":{"rendered":"<p>C\u00edlem tohoto workshopu je p\u0159ibl\u00ed\u017eit se hlubok\u00fdm vnit\u0159n\u00edm pro\u017eitk\u016fm lidsk\u00e9ho v\u011bdom\u00ed prost\u0159ednictv\u00edm pr\u00e1ce s ohn\u011bm. V pr\u016fb\u011bhu workshopu se bude proch\u00e1zet cestou, kterou pro\u0161li na\u0161i d\u00e1vn\u00ed p\u0159edkov\u00e9 \u2013 od objeven\u00ed ohn\u011b a jeho udr\u017eov\u00e1n\u00ed, p\u0159es jeho p\u0159en\u00e1\u0161en\u00ed, a\u017e po schopnost ohe\u0148 rozd\u011blat. Tato praktick\u00e1 \u010d\u00e1st bude propojena s okam\u017eiky studia, meditacemi, osobn\u00edmi reflexemi, sd\u00edlen\u00edm zku\u0161enost\u00ed\u2026<\/p>","protected":false},"author":25,"featured_media":0,"comment_status":"closed","ping_status":"closed","sticky":false,"template":"","format":"standard","meta":[],"categories":[6,4],"tags":[],"_links":{"self":[{"href":"https:\/\/parkpravikov.cz\/es\/wp-json\/wp\/v2\/posts\/2267"}],"collection":[{"href":"https:\/\/parkpravikov.cz\/es\/wp-json\/wp\/v2\/posts"}],"about":[{"href":"https:\/\/parkpravikov.cz\/es\/wp-json\/wp\/v2\/types\/post"}],"author":[{"embeddable":true,"href":"https:\/\/parkpravikov.cz\/es\/wp-json\/wp\/v2\/users\/25"}],"replies":[{"embeddable":true,"href":"https:\/\/parkpravikov.cz\/es\/wp-json\/wp\/v2\/comments?post=2267"}],"version-history":[{"count":3,"href":"https:\/\/parkpravikov.cz\/es\/wp-json\/wp\/v2\/posts\/2267\/revisions"}],"predecessor-version":[{"id":2271,"href":"https:\/\/parkpravikov.cz\/es\/wp-json\/wp\/v2\/posts\/2267\/revisions\/2271"}],"wp:attachment":[{"href":"https:\/\/parkpravikov.cz\/es\/wp-json\/wp\/v2\/media?parent=2267"}],"wp:term":[{"taxonomy":"category","embeddable":true,"href":"https:\/\/parkpravikov.cz\/es\/wp-json\/wp\/v2\/categories?post=2267"},{"taxonomy":"post_tag","embeddable":true,"href":"https:\/\/parkpravikov.cz\/es\/wp-json\/wp\/v2\/tags?post=2267"}],"curies":[{"name":"wp","href":"https:\/\/api.w.org\/{rel}","templated":true}]}}