{"id":2148,"date":"2015-12-16T13:02:19","date_gmt":"2015-12-16T12:02:19","guid":{"rendered":"\/?p=2148"},"modified":"2016-03-13T12:16:15","modified_gmt":"2016-03-13T11:16:15","slug":"seminar-sily-3","status":"publish","type":"post","link":"https:\/\/parkpravikov.cz\/es\/seminar-sily-3\/","title":{"rendered":"Semin\u00e1\u0159 S\u00edly"},"content":{"rendered":"<p><a href=\"\/wp-content\/uploads\/2015\/12\/^85FD60F1D5C6D774A3482E8CEF31EDF5CE2CDB7E7F6AA367FD^pimgpsh_fullsize_distr.jpg\"><img loading=\"lazy\" class=\"alignnone size-large wp-image-2153\" src=\"\/wp-content\/uploads\/2015\/12\/^85FD60F1D5C6D774A3482E8CEF31EDF5CE2CDB7E7F6AA367FD^pimgpsh_fullsize_distr-584x825.jpg\" alt=\"\" width=\"584\" height=\"825\" \/><\/a><br \/>\n<!--more--><\/p>\n<p><strong>SEMIN\u00c1\u0158 S\u00cdLY, 28.1.-31.1.2016<\/strong><\/p>\n<p>Tento t\u0159\u00eddenn\u00ed semin\u00e1\u0159 je p\u0159\u00edle\u017eitost\u00ed proniknout hloub\u011bji do sv\u00e9ho nitra. Jeho c\u00edlem je\u00a0prozkoumat a prohloubit na\u0161i zku\u0161enost se Silou. Z\u00e1jmem tohoto semin\u00e1\u0159e nen\u00ed dos\u00e1hnout\u00a0n\u011bjak\u00e9ho technick\u00e9ho v\u00fdsledku, ale sp\u00ed\u0161e dov\u00e9st na\u0161i vnit\u0159n\u00ed zku\u0161enost do oblasti inspirace\u00a0a osobn\u00edho experimentov\u00e1n\u00ed, prohloubit na\u0161e ot\u00e1zky a zv\u00fd\u0161it kontext na\u0161eho pochopen\u00ed\u00a0o S\u00edle studiem a reflex\u00ed nad vybran\u00fdmi texty t\u00fdkaj\u00edc\u00edmi se tohoto t\u00e9matu.<\/p>\n<p>Str\u00e1vit p\u00e1r dn\u00ed daleko od na\u0161ich ka\u017edodenn\u00edch rutin a povinnost\u00ed, beze sp\u011bchu a bez d\u016frazu\u00a0na v\u00fdkon pom\u016f\u017ee vytvo\u0159it ide\u00e1ln\u00ed podm\u00ednky pro tuto vnit\u0159n\u00ed pr\u00e1ci. Cel\u00fd tento semin\u00e1\u0159 je velmi\u00a0laskavou a m\u00edrnou prac\u00ed se sebou sam\u00fdm. D\u016fle\u017eit\u00fdm aspektem tohoto semin\u00e1\u0159e a pr\u00e1ce\u00a0se Silou obecn\u011b je pr\u00e1ce ve skupin\u011b. Spole\u010dn\u011b m\u016f\u017eeme vytvo\u0159it n\u011bco, co \u010dlov\u011bk nem\u016f\u017ee\u00a0vytvo\u0159it s\u00e1m. Tyto dobr\u00e9 vztahy a toto p\u0159\u00e1telsk\u00e9 a otev\u0159en\u00e9 prost\u0159ed\u00ed n\u00e1m umo\u017e\u0148uj\u00ed vytvo\u0159it\u00a0si kontakt se sebou sam\u00fdm a u\u010dit se jeden od druh\u00e9ho.<\/p>\n<p><strong>Zku\u0161enosti kontaktu se Silou jsou schopn\u00e9 vyvolat duchovn\u00ed inspiraci a pozitivn\u00ed zm\u011bny\u00a0v ka\u017edodenn\u00edm \u017eivot\u011b. Pokud dok\u00e1\u017eeme pokorn\u011b a bez o\u010dek\u00e1v\u00e1n\u00ed vstoupit do t\u00e9to zku\u0161enosti\u00a0a spojit se s n\u00ed, vyjdeme z n\u00ed vnit\u0159n\u011b prom\u011bn\u011bn\u00ed a pos\u00edlen\u00ed.<\/strong><\/p>\n<p>Semin\u00e1\u0159 se kon\u00e1 v Parku studi\u00ed a reflexe Prav\u00edkov.<br \/>\nP\u0159\u00edjezd ve \u010dtvrtek do 19 h. Konec semin\u00e1\u0159e v ned\u011bli okolo 16 h.<br \/>\nSvou \u00fa\u010dast, pros\u00edm, p\u0159edem potvr\u010fte. Po\u010det m\u00edst je omezen\u00fd.<br \/>\nTel.: 724 595 639, 608 731 162, janb@volny.cz<\/p>\n<p><a href=\"http:\/\/www.silovoposelstvi.cz\" target=\"_blank\">www.silovoposelstvi.cz<\/a><\/p>","protected":false},"excerpt":{"rendered":"","protected":false},"author":25,"featured_media":0,"comment_status":"closed","ping_status":"closed","sticky":false,"template":"","format":"standard","meta":[],"categories":[6,4],"tags":[],"_links":{"self":[{"href":"https:\/\/parkpravikov.cz\/es\/wp-json\/wp\/v2\/posts\/2148"}],"collection":[{"href":"https:\/\/parkpravikov.cz\/es\/wp-json\/wp\/v2\/posts"}],"about":[{"href":"https:\/\/parkpravikov.cz\/es\/wp-json\/wp\/v2\/types\/post"}],"author":[{"embeddable":true,"href":"https:\/\/parkpravikov.cz\/es\/wp-json\/wp\/v2\/users\/25"}],"replies":[{"embeddable":true,"href":"https:\/\/parkpravikov.cz\/es\/wp-json\/wp\/v2\/comments?post=2148"}],"version-history":[{"count":6,"href":"https:\/\/parkpravikov.cz\/es\/wp-json\/wp\/v2\/posts\/2148\/revisions"}],"predecessor-version":[{"id":2172,"href":"https:\/\/parkpravikov.cz\/es\/wp-json\/wp\/v2\/posts\/2148\/revisions\/2172"}],"wp:attachment":[{"href":"https:\/\/parkpravikov.cz\/es\/wp-json\/wp\/v2\/media?parent=2148"}],"wp:term":[{"taxonomy":"category","embeddable":true,"href":"https:\/\/parkpravikov.cz\/es\/wp-json\/wp\/v2\/categories?post=2148"},{"taxonomy":"post_tag","embeddable":true,"href":"https:\/\/parkpravikov.cz\/es\/wp-json\/wp\/v2\/tags?post=2148"}],"curies":[{"name":"wp","href":"https:\/\/api.w.org\/{rel}","templated":true}]}}