{"id":2137,"date":"2015-12-04T19:37:35","date_gmt":"2015-12-04T18:37:35","guid":{"rendered":"\/?p=2137"},"modified":"2015-12-04T19:37:35","modified_gmt":"2015-12-04T18:37:35","slug":"zahradnicka-sobota","status":"publish","type":"post","link":"https:\/\/parkpravikov.cz\/es\/zahradnicka-sobota\/","title":{"rendered":"Zahradnick\u00e1 sobota"},"content":{"rendered":"<p>V\u00edce informac\u00ed: Dana Faminov\u00e1 (777 711 911, danafem@volny.cz)<\/p>","protected":false},"excerpt":{"rendered":"<p>V\u00edce informac\u00ed: Dana Faminov\u00e1 (777 711 911, danafem@volny.cz)<\/p>","protected":false},"author":25,"featured_media":0,"comment_status":"closed","ping_status":"closed","sticky":false,"template":"","format":"standard","meta":[],"categories":[5],"tags":[],"_links":{"self":[{"href":"https:\/\/parkpravikov.cz\/es\/wp-json\/wp\/v2\/posts\/2137"}],"collection":[{"href":"https:\/\/parkpravikov.cz\/es\/wp-json\/wp\/v2\/posts"}],"about":[{"href":"https:\/\/parkpravikov.cz\/es\/wp-json\/wp\/v2\/types\/post"}],"author":[{"embeddable":true,"href":"https:\/\/parkpravikov.cz\/es\/wp-json\/wp\/v2\/users\/25"}],"replies":[{"embeddable":true,"href":"https:\/\/parkpravikov.cz\/es\/wp-json\/wp\/v2\/comments?post=2137"}],"version-history":[{"count":1,"href":"https:\/\/parkpravikov.cz\/es\/wp-json\/wp\/v2\/posts\/2137\/revisions"}],"predecessor-version":[{"id":2138,"href":"https:\/\/parkpravikov.cz\/es\/wp-json\/wp\/v2\/posts\/2137\/revisions\/2138"}],"wp:attachment":[{"href":"https:\/\/parkpravikov.cz\/es\/wp-json\/wp\/v2\/media?parent=2137"}],"wp:term":[{"taxonomy":"category","embeddable":true,"href":"https:\/\/parkpravikov.cz\/es\/wp-json\/wp\/v2\/categories?post=2137"},{"taxonomy":"post_tag","embeddable":true,"href":"https:\/\/parkpravikov.cz\/es\/wp-json\/wp\/v2\/tags?post=2137"}],"curies":[{"name":"wp","href":"https:\/\/api.w.org\/{rel}","templated":true}]}}