{"id":2125,"date":"2015-12-04T19:02:56","date_gmt":"2015-12-04T18:02:56","guid":{"rendered":"\/?p=2125"},"modified":"2015-12-04T19:02:56","modified_gmt":"2015-12-04T18:02:56","slug":"otevreny-vikend-v-parku","status":"publish","type":"post","link":"https:\/\/parkpravikov.cz\/es\/otevreny-vikend-v-parku\/","title":{"rendered":"Otev\u0159en\u00fd v\u00edkend v Parku"},"content":{"rendered":"<p>Otev\u0159en\u00fd v\u00edkend v\u011bnovan\u00fd studiu, reflexi, meditaci, zku\u0161enostem a relaxaci&#8230;<\/p>\n<p>Kontakt: Petra Duhajsk\u00e1 (724 595 639, peta.duhajska@gmail.com).<\/p>","protected":false},"excerpt":{"rendered":"<p>Otev\u0159en\u00fd v\u00edkend v\u011bnovan\u00fd studiu, reflexi, meditaci, zku\u0161enostem a relaxaci&#8230; Kontakt: Petra Duhajsk\u00e1 (724 595 639, peta.duhajska@gmail.com).<\/p>","protected":false},"author":25,"featured_media":0,"comment_status":"closed","ping_status":"closed","sticky":false,"template":"","format":"standard","meta":[],"categories":[6,4],"tags":[],"_links":{"self":[{"href":"https:\/\/parkpravikov.cz\/es\/wp-json\/wp\/v2\/posts\/2125"}],"collection":[{"href":"https:\/\/parkpravikov.cz\/es\/wp-json\/wp\/v2\/posts"}],"about":[{"href":"https:\/\/parkpravikov.cz\/es\/wp-json\/wp\/v2\/types\/post"}],"author":[{"embeddable":true,"href":"https:\/\/parkpravikov.cz\/es\/wp-json\/wp\/v2\/users\/25"}],"replies":[{"embeddable":true,"href":"https:\/\/parkpravikov.cz\/es\/wp-json\/wp\/v2\/comments?post=2125"}],"version-history":[{"count":2,"href":"https:\/\/parkpravikov.cz\/es\/wp-json\/wp\/v2\/posts\/2125\/revisions"}],"predecessor-version":[{"id":2127,"href":"https:\/\/parkpravikov.cz\/es\/wp-json\/wp\/v2\/posts\/2125\/revisions\/2127"}],"wp:attachment":[{"href":"https:\/\/parkpravikov.cz\/es\/wp-json\/wp\/v2\/media?parent=2125"}],"wp:term":[{"taxonomy":"category","embeddable":true,"href":"https:\/\/parkpravikov.cz\/es\/wp-json\/wp\/v2\/categories?post=2125"},{"taxonomy":"post_tag","embeddable":true,"href":"https:\/\/parkpravikov.cz\/es\/wp-json\/wp\/v2\/tags?post=2125"}],"curies":[{"name":"wp","href":"https:\/\/api.w.org\/{rel}","templated":true}]}}