{"id":2039,"date":"2015-03-18T00:34:53","date_gmt":"2015-03-17T23:34:53","guid":{"rendered":"\/?p=2039"},"modified":"2015-03-18T00:34:53","modified_gmt":"2015-03-17T23:34:53","slug":"vitani-jara-v-parku-pravikov-2","status":"publish","type":"post","link":"https:\/\/parkpravikov.cz\/es\/vitani-jara-v-parku-pravikov-2\/","title":{"rendered":"V\u00edt\u00e1n\u00ed jara v Parku Prav\u00edkov"},"content":{"rendered":"<p><a href=\"\/es\/blog\/2015\/03\/18\/vitani-jara-v-parku-pravikov-2\/10405609_984189031599736_5481106475534059504_n\/\" rel=\"attachment wp-att-2040\"><img loading=\"lazy\" class=\"alignleft size-medium wp-image-2040\" src=\"\/wp-content\/uploads\/2015\/03\/10405609_984189031599736_5481106475534059504_n-270x180.jpg\" alt=\"\" width=\"270\" height=\"180\" \/><\/a>Kdy: sobota 21.3.2015 od 14 hod.<br \/>\nU\u017e od nepam\u011bti pat\u0159ily oslavy zm\u011bny ro\u010dn\u00edho obdob\u00ed k tradic\u00edm v nejr\u016fzn\u011bj\u0161\u00edch spole\u010dnostech. P\u0159ipom\u00ednaly lidem propojen\u00ed s p\u0159\u00edrodou a cyklus \u017eivota. Jaro je symbolem nad\u011bje, nov\u00e9ho \u017eivota, nov\u00e9ho za\u010d\u00e1tku. V dne\u0161n\u00ed dob\u011b st\u00e1le siln\u011bji c\u00edt\u00edme, \u017ee nejen p\u0159\u00edroda, ale i my lid\u00e9 v na\u0161ich osobn\u00edch \u017eivotech i v r\u00e1mci spole\u010dnosti pot\u0159ebujeme, aby za\u010dalo nov\u00e9 obdob\u00ed &#8211; obdob\u00ed usm\u00ed\u0159en\u00ed, nad\u011bje, soucitu a lidskosti.<\/p>\n<p>Oslav\u00edme proto za\u010d\u00e1tek jara spole\u010dn\u011b v Parku studi\u00ed a reflexe Prav\u00edkov a p\u0159i spole\u010dn\u00e9 \u017d\u00e1dosti se propoj\u00edme s na\u0161imi nejhlub\u0161\u00edmi p\u0159\u00e1n\u00edmi a aspiracemi pro sebe, pro na\u0161e bl\u00edzk\u00e9 i pro cel\u00fd sv\u011bt.<\/p>\n<p>\u201e\u2026n\u011bco jemn\u00e9ho jako zvuk z d\u00e1lky, n\u011bco lehk\u00e9ho jako rann\u00ed v\u00e1nek, n\u011bco, co je zpo\u010d\u00e1tku velmi jemn\u00e9, si za\u010d\u00edn\u00e1 otev\u00edrat svou cestu v nitru lidsk\u00e9 bytosti.\u201c &#8211; Silo<!--more-->Park bude otev\u0159en\u00fd cel\u00fd v\u00edkend pro v\u0161echny, kte\u0159\u00ed se cht\u011bj\u00ed na chv\u00edli zastavit a vystoupit z ka\u017edodenn\u00edho \u017eivota, a spojit se tak s t\u00edm nejlep\u0161\u00edm v sob\u011b i v ostatn\u00edch.<\/p>\n<p>V\u00edce informac\u00ed: Petra Duhajsk\u00e1 (724 595 639, peta.duhajska@gmail.com). Pokud chcete v Parku p\u0159espat, rezervujte si pro jistotu postel p\u0159edem. P\u0159\u00edsp\u011bv\u011bk na provoz Parku je 50 K\u010d\/den, 100 K\u010d\/noc.<\/p>","protected":false},"excerpt":{"rendered":"<p>Kdy: sobota 21.3.2015 od 14 hod. U\u017e od nepam\u011bti pat\u0159ily oslavy zm\u011bny ro\u010dn\u00edho obdob\u00ed k tradic\u00edm v nejr\u016fzn\u011bj\u0161\u00edch spole\u010dnostech. P\u0159ipom\u00ednaly lidem propojen\u00ed s p\u0159\u00edrodou a cyklus \u017eivota. Jaro je symbolem nad\u011bje, nov\u00e9ho \u017eivota, nov\u00e9ho za\u010d\u00e1tku. V dne\u0161n\u00ed dob\u011b st\u00e1le siln\u011bji c\u00edt\u00edme, \u017ee nejen p\u0159\u00edroda, ale i my lid\u00e9 v na\u0161ich osobn\u00edch \u017eivotech i v r\u00e1mci [&hellip;]<\/p>","protected":false},"author":25,"featured_media":0,"comment_status":"closed","ping_status":"closed","sticky":false,"template":"","format":"standard","meta":[],"categories":[6,4],"tags":[],"_links":{"self":[{"href":"https:\/\/parkpravikov.cz\/es\/wp-json\/wp\/v2\/posts\/2039"}],"collection":[{"href":"https:\/\/parkpravikov.cz\/es\/wp-json\/wp\/v2\/posts"}],"about":[{"href":"https:\/\/parkpravikov.cz\/es\/wp-json\/wp\/v2\/types\/post"}],"author":[{"embeddable":true,"href":"https:\/\/parkpravikov.cz\/es\/wp-json\/wp\/v2\/users\/25"}],"replies":[{"embeddable":true,"href":"https:\/\/parkpravikov.cz\/es\/wp-json\/wp\/v2\/comments?post=2039"}],"version-history":[{"count":2,"href":"https:\/\/parkpravikov.cz\/es\/wp-json\/wp\/v2\/posts\/2039\/revisions"}],"predecessor-version":[{"id":2042,"href":"https:\/\/parkpravikov.cz\/es\/wp-json\/wp\/v2\/posts\/2039\/revisions\/2042"}],"wp:attachment":[{"href":"https:\/\/parkpravikov.cz\/es\/wp-json\/wp\/v2\/media?parent=2039"}],"wp:term":[{"taxonomy":"category","embeddable":true,"href":"https:\/\/parkpravikov.cz\/es\/wp-json\/wp\/v2\/categories?post=2039"},{"taxonomy":"post_tag","embeddable":true,"href":"https:\/\/parkpravikov.cz\/es\/wp-json\/wp\/v2\/tags?post=2039"}],"curies":[{"name":"wp","href":"https:\/\/api.w.org\/{rel}","templated":true}]}}