{"id":2029,"date":"2015-01-23T21:09:17","date_gmt":"2015-01-23T20:09:17","guid":{"rendered":"\/?p=2029"},"modified":"2015-01-23T21:09:17","modified_gmt":"2015-01-23T20:09:17","slug":"vikend-v-parku","status":"publish","type":"post","link":"https:\/\/parkpravikov.cz\/es\/vikend-v-parku\/","title":{"rendered":"V\u00edkend v Parku"},"content":{"rendered":"<p><a href=\"\/es\/blog\/2015\/01\/23\/vikend-v-parku\/2012-06-23_inaugurace_59\/\" rel=\"attachment wp-att-2030\"><img loading=\"lazy\" class=\"alignleft size-thumbnail wp-image-2030\" src=\"\/wp-content\/uploads\/2015\/01\/2012-06-23_Inaugurace_59-150x100.jpg\" alt=\"\" width=\"150\" height=\"100\" \/><\/a>Voln\u00fd v\u00edkend v\u011bnovan\u00fd studiu, meditaci, reflexi a trochu i pr\u00e1ci. C\u00edlem je vytvo\u0159it spole\u010dn\u011b p\u0159\u00edjemnou zaj\u00edmavou atmosf\u00e9ru, pod\u011blit se o zku\u0161enosti s osobn\u00ed prac\u00ed, studiem, p\u0159ekon\u00e1v\u00e1n\u00edm t\u011b\u017ekost\u00ed i aktivitami sm\u011brem k ostatn\u00edm lidem, studovat a ud\u011blat p\u00e1r men\u0161\u00edch \u00faprav v Parku. V\u00edt\u00e1n je ka\u017ed\u00fd, kdo chce do Parku p\u0159ijet s podobn\u00fdm z\u00e1m\u011brem&#8230;<!--more--><\/p>\n<p>Rezervace a dal\u0161\u00ed informace: Petra Duhajsk\u00e1 (peta.duhajska@gmail.com, 724 595 639).<br \/>\nSpole\u010dn\u00e9 stravov\u00e1n\u00ed mo\u017en\u00e9 za poplatek 100,- K\u010d\/den, p\u0159\u00edsp\u011bvek na provoz Parku je 50,- K\u010d\/den, 100,- K\u010d\/noc.<\/p>","protected":false},"excerpt":{"rendered":"<p>Voln\u00fd v\u00edkend v\u011bnovan\u00fd studiu, meditaci, reflexi a trochu i pr\u00e1ci. C\u00edlem je vytvo\u0159it spole\u010dn\u011b p\u0159\u00edjemnou zaj\u00edmavou atmosf\u00e9ru, pod\u011blit se o zku\u0161enosti s osobn\u00ed prac\u00ed, studiem, p\u0159ekon\u00e1v\u00e1n\u00edm t\u011b\u017ekost\u00ed i aktivitami sm\u011brem k ostatn\u00edm lidem, studovat a ud\u011blat p\u00e1r men\u0161\u00edch \u00faprav v Parku. V\u00edt\u00e1n je ka\u017ed\u00fd, kdo chce do Parku p\u0159ijet s podobn\u00fdm z\u00e1m\u011brem&#8230;<\/p>","protected":false},"author":25,"featured_media":0,"comment_status":"closed","ping_status":"closed","sticky":false,"template":"","format":"standard","meta":[],"categories":[6,4],"tags":[],"_links":{"self":[{"href":"https:\/\/parkpravikov.cz\/es\/wp-json\/wp\/v2\/posts\/2029"}],"collection":[{"href":"https:\/\/parkpravikov.cz\/es\/wp-json\/wp\/v2\/posts"}],"about":[{"href":"https:\/\/parkpravikov.cz\/es\/wp-json\/wp\/v2\/types\/post"}],"author":[{"embeddable":true,"href":"https:\/\/parkpravikov.cz\/es\/wp-json\/wp\/v2\/users\/25"}],"replies":[{"embeddable":true,"href":"https:\/\/parkpravikov.cz\/es\/wp-json\/wp\/v2\/comments?post=2029"}],"version-history":[{"count":2,"href":"https:\/\/parkpravikov.cz\/es\/wp-json\/wp\/v2\/posts\/2029\/revisions"}],"predecessor-version":[{"id":2032,"href":"https:\/\/parkpravikov.cz\/es\/wp-json\/wp\/v2\/posts\/2029\/revisions\/2032"}],"wp:attachment":[{"href":"https:\/\/parkpravikov.cz\/es\/wp-json\/wp\/v2\/media?parent=2029"}],"wp:term":[{"taxonomy":"category","embeddable":true,"href":"https:\/\/parkpravikov.cz\/es\/wp-json\/wp\/v2\/categories?post=2029"},{"taxonomy":"post_tag","embeddable":true,"href":"https:\/\/parkpravikov.cz\/es\/wp-json\/wp\/v2\/tags?post=2029"}],"curies":[{"name":"wp","href":"https:\/\/api.w.org\/{rel}","templated":true}]}}