{"id":1999,"date":"2014-12-01T12:09:34","date_gmt":"2014-12-01T11:09:34","guid":{"rendered":"\/?p=1999"},"modified":"2014-12-01T12:09:35","modified_gmt":"2014-12-01T11:09:35","slug":"vecere-s-prezentaci-projektu-centra-studii-v-parku-pravikov","status":"publish","type":"post","link":"https:\/\/parkpravikov.cz\/es\/vecere-s-prezentaci-projektu-centra-studii-v-parku-pravikov\/","title":{"rendered":"Ve\u010de\u0159e s prezentac\u00ed projektu Centra studi\u00ed v Parku Prav\u00edkov"},"content":{"rendered":"<p><a href=\"\/es\/blog\/2014\/12\/01\/vecere-s-prezentaci-projektu-centra-studii-v-parku-pravikov\/1604978_988705597810353_443717447197002504_n\/\" rel=\"attachment wp-att-2000\"><img loading=\"lazy\" class=\"alignleft size-medium wp-image-2000\" src=\"\/wp-content\/uploads\/2014\/12\/1604978_988705597810353_443717447197002504_n-270x190.jpg\" alt=\"\" width=\"270\" height=\"190\" \/><\/a>Srde\u010dn\u011b v\u00e1s zveme na <strong>spole\u010dnou ve\u010de\u0159i s prezentac\u00ed projektu Centra studi\u00ed v Parku studi\u00ed a reflexe Prav\u00edkov<\/strong>, kter\u00e1 prob\u011bhne <strong>ve st\u0159edu 3. prosince<\/strong> 2014 od <strong>19:00<\/strong> v\u00a0Humanistick\u00e9m centru (Sokolsk\u00e1 32, Praha 2, prvn\u00ed patro).<br \/>\nBude to mo\u017enost dozv\u011bd\u011bt se v p\u0159\u00edjemn\u00e9 atmosf\u00e9\u0159e v\u00edce informac\u00ed o smyslu a perspektiv\u00e1ch tohoto speci\u00e1ln\u00edho prostoru.<!--more--><\/p>\n<p>Centrum studi\u00ed je m\u00edsto pro studium a v\u00fdzkum \u010dlov\u011bka &#8211; jeho historie, v\u00fdvoje a rozvoje lidsk\u00e9ho v\u011bdom\u00ed. Je m\u00edstem inspirace a gravita\u010dn\u00edm st\u0159edem pro \u010dleny \u0160koly, kte\u0159\u00ed se staraj\u00ed o rozvoj Park\u016f studi\u00ed a reflexe a jejich\u017e posl\u00e1n\u00edm je posilov\u00e1n\u00ed vnit\u0159n\u00ed hlubok\u00e9 zku\u0161enosti a pr\u00e1ce na objevov\u00e1n\u00ed nov\u00fdch prostor\u016f mysli. Zde nach\u00e1zej\u00ed ty nejlep\u0161\u00ed podm\u00ednky pro studium, prohlouben\u00ed sv\u00e9ho v\u00fdzkumu a meditace. Mohou zde tr\u00e1vit libovoln\u011b dlouhou dobu o samot\u011b nebo sv\u00e9 z\u00e1\u017eitky, zku\u0161enosti a pokroky sd\u00edlet s ostatn\u00edmi.<\/p>\n<p>Ka\u017ed\u00fd \u00fa\u010dastn\u00edk ve\u010dera m\u016f\u017ee p\u0159in\u00e9st n\u011bco k j\u00eddlu a pit\u00ed a sd\u00edlet to s ostatn\u00edmi ve spole\u010dn\u00e9 ve\u010de\u0159i.<\/p>\n<p>T\u011b\u0161\u00edme se na v\u00e1s!<\/p>","protected":false},"excerpt":{"rendered":"<p>Srde\u010dn\u011b v\u00e1s zveme na spole\u010dnou ve\u010de\u0159i s prezentac\u00ed projektu Centra studi\u00ed v Parku studi\u00ed a reflexe Prav\u00edkov, kter\u00e1 prob\u011bhne ve st\u0159edu 3. prosince 2014 od 19:00 v\u00a0Humanistick\u00e9m centru (Sokolsk\u00e1 32, Praha 2, prvn\u00ed patro). Bude to mo\u017enost dozv\u011bd\u011bt se v p\u0159\u00edjemn\u00e9 atmosf\u00e9\u0159e v\u00edce informac\u00ed o smyslu a perspektiv\u00e1ch tohoto speci\u00e1ln\u00edho prostoru.<\/p>","protected":false},"author":25,"featured_media":0,"comment_status":"closed","ping_status":"closed","sticky":false,"template":"","format":"standard","meta":[],"categories":[6,4],"tags":[],"_links":{"self":[{"href":"https:\/\/parkpravikov.cz\/es\/wp-json\/wp\/v2\/posts\/1999"}],"collection":[{"href":"https:\/\/parkpravikov.cz\/es\/wp-json\/wp\/v2\/posts"}],"about":[{"href":"https:\/\/parkpravikov.cz\/es\/wp-json\/wp\/v2\/types\/post"}],"author":[{"embeddable":true,"href":"https:\/\/parkpravikov.cz\/es\/wp-json\/wp\/v2\/users\/25"}],"replies":[{"embeddable":true,"href":"https:\/\/parkpravikov.cz\/es\/wp-json\/wp\/v2\/comments?post=1999"}],"version-history":[{"count":2,"href":"https:\/\/parkpravikov.cz\/es\/wp-json\/wp\/v2\/posts\/1999\/revisions"}],"predecessor-version":[{"id":2002,"href":"https:\/\/parkpravikov.cz\/es\/wp-json\/wp\/v2\/posts\/1999\/revisions\/2002"}],"wp:attachment":[{"href":"https:\/\/parkpravikov.cz\/es\/wp-json\/wp\/v2\/media?parent=1999"}],"wp:term":[{"taxonomy":"category","embeddable":true,"href":"https:\/\/parkpravikov.cz\/es\/wp-json\/wp\/v2\/categories?post=1999"},{"taxonomy":"post_tag","embeddable":true,"href":"https:\/\/parkpravikov.cz\/es\/wp-json\/wp\/v2\/tags?post=1999"}],"curies":[{"name":"wp","href":"https:\/\/api.w.org\/{rel}","templated":true}]}}