{"id":1935,"date":"2014-06-26T10:57:04","date_gmt":"2014-06-26T08:57:04","guid":{"rendered":"\/?p=1935"},"modified":"2014-07-29T09:10:02","modified_gmt":"2014-07-29T07:10:02","slug":"prozitkovy-tyden-pro-rodiny-s-detmi-2","status":"publish","type":"post","link":"https:\/\/parkpravikov.cz\/es\/prozitkovy-tyden-pro-rodiny-s-detmi-2\/","title":{"rendered":"Pro\u017eitkov\u00fd t\u00fdden pro rodiny s d\u011btmi"},"content":{"rendered":"<p><a href=\"\/es\/blog\/2014\/06\/26\/prozitkovy-tyden-pro-rodiny-s-detmi-2\/img_2476\/\" rel=\"attachment wp-att-1950\"><img loading=\"lazy\" class=\"alignleft size-thumbnail wp-image-1950\" src=\"\/wp-content\/uploads\/2014\/06\/IMG_2476-150x112.jpg\" alt=\"\" width=\"150\" height=\"112\" \/><\/a>Komunita pro lidsk\u00fd rozvoj zve na tradi\u010dn\u00ed pr\u00e1zdninov\u00fd t\u00fdden pro rodinky s d\u011btmi v Parku studi\u00ed a reflexe Prav\u00edkov na Vyso\u010din\u011b, kter\u00fd tentokr\u00e1t prob\u011bhne od\u00a0pond\u011bl\u00ed 4. srpna do ned\u011ble 10. srpna 2014. T\u011b\u0161\u00edme se na v\u00e1s!<\/p>\n<p>Program: v\u00fdchova k nen\u00e1sil\u00ed, pozn\u00e1v\u00e1me sv\u011bt, artefiletika, pov\u00edd\u00e1nky, poh\u00e1dky, divadlo, t\u011blohr\u00e1tky, hudba, ob\u0159ad, ohe\u0148, hry, patl\u00e1me matl\u00e1me, zahradni\u010d\u00edme, stavebni\u010d\u00edme, atakd\u00e1l\u00edme&#8230;<\/p>\n<p>Fotografie z minul\u00fdch ro\u010dn\u00edk\u016f <a href=\"http:\/\/www.komunita.org\/fotky.html\">najdete zde<\/a>.<!--more--><\/p>\n<p>P\u0159\u00edsp\u011bvek na provoz Parku je 150 K\u010d za den a noc. Spole\u010dn\u00e9 stravov\u00e1n\u00ed 100 K\u010d za den (sn\u00eddan\u011b, ob\u011bd, ve\u010de\u0159e, sva\u010diny).<\/p>\n<p>Po\u0159\u00e1d\u00e1: Komunita pro lidsk\u00fd rozvoj (<a href=\"http:\/\/www.komunita.org\/\">www.komunita.org<\/a>)<br \/>\nRegistrace \u00a0a v\u00edce informac\u00ed: Simona He\u0159tusov\u00e1 (simona.hertusova@adopceafrika.cz, 608 301 270).<\/p>","protected":false},"excerpt":{"rendered":"<p>Komunita pro lidsk\u00fd rozvoj zve na tradi\u010dn\u00ed pr\u00e1zdninov\u00fd t\u00fdden pro rodinky s d\u011btmi v Parku studi\u00ed a reflexe Prav\u00edkov na Vyso\u010din\u011b, kter\u00fd tentokr\u00e1t prob\u011bhne od\u00a0pond\u011bl\u00ed 4. srpna do ned\u011ble 10. srpna 2014. T\u011b\u0161\u00edme se na v\u00e1s! Program: v\u00fdchova k nen\u00e1sil\u00ed, pozn\u00e1v\u00e1me sv\u011bt, artefiletika, pov\u00edd\u00e1nky, poh\u00e1dky, divadlo, t\u011blohr\u00e1tky, hudba, ob\u0159ad, ohe\u0148, hry, patl\u00e1me matl\u00e1me, zahradni\u010d\u00edme, stavebni\u010d\u00edme, [&hellip;]<\/p>","protected":false},"author":25,"featured_media":0,"comment_status":"closed","ping_status":"closed","sticky":false,"template":"","format":"standard","meta":[],"categories":[6,4],"tags":[],"_links":{"self":[{"href":"https:\/\/parkpravikov.cz\/es\/wp-json\/wp\/v2\/posts\/1935"}],"collection":[{"href":"https:\/\/parkpravikov.cz\/es\/wp-json\/wp\/v2\/posts"}],"about":[{"href":"https:\/\/parkpravikov.cz\/es\/wp-json\/wp\/v2\/types\/post"}],"author":[{"embeddable":true,"href":"https:\/\/parkpravikov.cz\/es\/wp-json\/wp\/v2\/users\/25"}],"replies":[{"embeddable":true,"href":"https:\/\/parkpravikov.cz\/es\/wp-json\/wp\/v2\/comments?post=1935"}],"version-history":[{"count":4,"href":"https:\/\/parkpravikov.cz\/es\/wp-json\/wp\/v2\/posts\/1935\/revisions"}],"predecessor-version":[{"id":1949,"href":"https:\/\/parkpravikov.cz\/es\/wp-json\/wp\/v2\/posts\/1935\/revisions\/1949"}],"wp:attachment":[{"href":"https:\/\/parkpravikov.cz\/es\/wp-json\/wp\/v2\/media?parent=1935"}],"wp:term":[{"taxonomy":"category","embeddable":true,"href":"https:\/\/parkpravikov.cz\/es\/wp-json\/wp\/v2\/categories?post=1935"},{"taxonomy":"post_tag","embeddable":true,"href":"https:\/\/parkpravikov.cz\/es\/wp-json\/wp\/v2\/tags?post=1935"}],"curies":[{"name":"wp","href":"https:\/\/api.w.org\/{rel}","templated":true}]}}