{"id":1842,"date":"2014-04-22T12:27:37","date_gmt":"2014-04-22T10:27:37","guid":{"rendered":"\/?p=1842"},"modified":"2014-04-22T12:27:37","modified_gmt":"2014-04-22T10:27:37","slug":"pracovni-vikend-3","status":"publish","type":"post","link":"https:\/\/parkpravikov.cz\/es\/pracovni-vikend-3\/","title":{"rendered":"Pracovn\u00ed v\u00edkend"},"content":{"rendered":"<p><a href=\"\/es\/blog\/2014\/04\/22\/pracovni-vikend-3\/sam_3125\/\" rel=\"attachment wp-att-1843\"><img loading=\"lazy\" class=\"alignleft size-thumbnail wp-image-1843\" src=\"\/wp-content\/uploads\/2014\/04\/SAM_3125-150x112.jpg\" alt=\"\" width=\"150\" height=\"112\" \/><\/a>Ve dnech 26. a 27. dubna prob\u011bhne v Parku Prav\u00edkov dal\u0161\u00ed pracovn\u00ed v\u00edkend. Budou pokra\u010dovat zahradnick\u00e9 pr\u00e1ce (hlavn\u011b sek\u00e1n\u00ed) a za\u010dnou tak\u00e9 p\u0159\u00edpravy na instalaci monolitu &#8211; vym\u011b\u0159en\u00ed z\u00e1kladu. Podle po\u010das\u00ed, okolnost\u00ed a po\u010dtu \u00fa\u010dastn\u00edk\u016f bude mo\u017en\u00e9 d\u011blat i dal\u0161\u00ed pr\u00e1ce: \u00faklid, \u00fadr\u017eba atd.<!--more--><\/p>\n<p>Bli\u017e\u0161\u00ed informace: Petra Duhajsk\u00e1 (724 595 639, peta.duhajska@gmail.com).<\/p>","protected":false},"excerpt":{"rendered":"<p>Ve dnech 26. a 27. dubna prob\u011bhne v Parku Prav\u00edkov dal\u0161\u00ed pracovn\u00ed v\u00edkend. Budou pokra\u010dovat zahradnick\u00e9 pr\u00e1ce (hlavn\u011b sek\u00e1n\u00ed) a za\u010dnou tak\u00e9 p\u0159\u00edpravy na instalaci monolitu &#8211; vym\u011b\u0159en\u00ed z\u00e1kladu. Podle po\u010das\u00ed, okolnost\u00ed a po\u010dtu \u00fa\u010dastn\u00edk\u016f bude mo\u017en\u00e9 d\u011blat i dal\u0161\u00ed pr\u00e1ce: \u00faklid, \u00fadr\u017eba atd.<\/p>","protected":false},"author":25,"featured_media":0,"comment_status":"closed","ping_status":"closed","sticky":false,"template":"","format":"standard","meta":[],"categories":[6,4],"tags":[],"_links":{"self":[{"href":"https:\/\/parkpravikov.cz\/es\/wp-json\/wp\/v2\/posts\/1842"}],"collection":[{"href":"https:\/\/parkpravikov.cz\/es\/wp-json\/wp\/v2\/posts"}],"about":[{"href":"https:\/\/parkpravikov.cz\/es\/wp-json\/wp\/v2\/types\/post"}],"author":[{"embeddable":true,"href":"https:\/\/parkpravikov.cz\/es\/wp-json\/wp\/v2\/users\/25"}],"replies":[{"embeddable":true,"href":"https:\/\/parkpravikov.cz\/es\/wp-json\/wp\/v2\/comments?post=1842"}],"version-history":[{"count":2,"href":"https:\/\/parkpravikov.cz\/es\/wp-json\/wp\/v2\/posts\/1842\/revisions"}],"predecessor-version":[{"id":1845,"href":"https:\/\/parkpravikov.cz\/es\/wp-json\/wp\/v2\/posts\/1842\/revisions\/1845"}],"wp:attachment":[{"href":"https:\/\/parkpravikov.cz\/es\/wp-json\/wp\/v2\/media?parent=1842"}],"wp:term":[{"taxonomy":"category","embeddable":true,"href":"https:\/\/parkpravikov.cz\/es\/wp-json\/wp\/v2\/categories?post=1842"},{"taxonomy":"post_tag","embeddable":true,"href":"https:\/\/parkpravikov.cz\/es\/wp-json\/wp\/v2\/tags?post=1842"}],"curies":[{"name":"wp","href":"https:\/\/api.w.org\/{rel}","templated":true}]}}