{"id":1773,"date":"2013-12-04T01:31:00","date_gmt":"2013-12-04T00:31:00","guid":{"rendered":"\/?p=1773"},"modified":"2013-12-04T01:31:00","modified_gmt":"2013-12-04T00:31:00","slug":"studijni-vikend-2","status":"publish","type":"post","link":"https:\/\/parkpravikov.cz\/es\/studijni-vikend-2\/","title":{"rendered":"Studijn\u00ed v\u00edkend"},"content":{"rendered":"<p>Otev\u0159en\u00fd v\u00edkend &#8211; p\u0159\u00edle\u017eitost pro studium, \u010detbu, meditaci, diskuse&#8230;<br \/>\nPotvrzen\u00ed \u00fa\u010dasti nen\u00ed nutn\u00e9, ale z d\u016fvodu organizace topen\u00ed, va\u0159en\u00ed a span\u00ed je rozhodn\u011b lep\u0161\u00ed d\u00e1t p\u0159edem v\u011bd\u011bt. Kontakt: Petra Duhajsk\u00e1 (peta.duhajska@gmail.com, 724 595 639).<\/p>","protected":false},"excerpt":{"rendered":"<p>Otev\u0159en\u00fd v\u00edkend &#8211; p\u0159\u00edle\u017eitost pro studium, \u010detbu, meditaci, diskuse&#8230; Potvrzen\u00ed \u00fa\u010dasti nen\u00ed nutn\u00e9, ale z d\u016fvodu organizace topen\u00ed, va\u0159en\u00ed a span\u00ed je rozhodn\u011b lep\u0161\u00ed d\u00e1t p\u0159edem v\u011bd\u011bt. Kontakt: Petra Duhajsk\u00e1 (peta.duhajska@gmail.com, 724 595 639).<\/p>","protected":false},"author":25,"featured_media":0,"comment_status":"closed","ping_status":"closed","sticky":false,"template":"","format":"standard","meta":[],"categories":[6,4],"tags":[],"_links":{"self":[{"href":"https:\/\/parkpravikov.cz\/es\/wp-json\/wp\/v2\/posts\/1773"}],"collection":[{"href":"https:\/\/parkpravikov.cz\/es\/wp-json\/wp\/v2\/posts"}],"about":[{"href":"https:\/\/parkpravikov.cz\/es\/wp-json\/wp\/v2\/types\/post"}],"author":[{"embeddable":true,"href":"https:\/\/parkpravikov.cz\/es\/wp-json\/wp\/v2\/users\/25"}],"replies":[{"embeddable":true,"href":"https:\/\/parkpravikov.cz\/es\/wp-json\/wp\/v2\/comments?post=1773"}],"version-history":[{"count":1,"href":"https:\/\/parkpravikov.cz\/es\/wp-json\/wp\/v2\/posts\/1773\/revisions"}],"predecessor-version":[{"id":1774,"href":"https:\/\/parkpravikov.cz\/es\/wp-json\/wp\/v2\/posts\/1773\/revisions\/1774"}],"wp:attachment":[{"href":"https:\/\/parkpravikov.cz\/es\/wp-json\/wp\/v2\/media?parent=1773"}],"wp:term":[{"taxonomy":"category","embeddable":true,"href":"https:\/\/parkpravikov.cz\/es\/wp-json\/wp\/v2\/categories?post=1773"},{"taxonomy":"post_tag","embeddable":true,"href":"https:\/\/parkpravikov.cz\/es\/wp-json\/wp\/v2\/tags?post=1773"}],"curies":[{"name":"wp","href":"https:\/\/api.w.org\/{rel}","templated":true}]}}