{"id":1763,"date":"2013-11-18T11:57:06","date_gmt":"2013-11-18T10:57:06","guid":{"rendered":"\/?p=1763"},"modified":"2013-11-18T11:57:06","modified_gmt":"2013-11-18T10:57:06","slug":"humanisti-na-sametovem-posviceni-2013","status":"publish","type":"post","link":"https:\/\/parkpravikov.cz\/es\/humanisti-na-sametovem-posviceni-2013\/","title":{"rendered":"Humanisti na Sametov\u00e9m posv\u00edcen\u00ed 2013"},"content":{"rendered":"<p>http:\/\/youtu.be\/ZW93WGcfU1Q<\/p>\n<p>V ned\u011bli 17. listopadu 2013 se humanist\u00e9 prezentuj\u00edc\u00ed Park studi\u00ed a reflexe, <a href=\"http:\/\/www.silovoposelstvi.cz\">Silovo Poselstv\u00ed <\/a>a humanistick\u00e9 organizace (<a href=\"http:\/\/www.komunita.org\">Komunita pro lidsk\u00fd rozvoj<\/a>, <a href=\"http:\/\/www.humanistickastrana.cz\">Humanistick\u00e1 strana<\/a>, <a href=\"http:\/\/www.svetbezvalek.cz\">Sv\u011bt bez v\u00e1lek a n\u00e1sil\u00ed<\/a>, <a href=\"http:\/\/www.chs-inspirace.cz\">Sv\u011btov\u00e9 centrum humanistick\u00fdch studi\u00ed<\/a> a <a href=\"http:\/\/www.cocu.cz\">Convergence of Cultures<\/a>) p\u0159ipojili k Sametov\u00e9mu posv\u00edcen\u00ed &#8211; satirick\u00e9mu karnevalu p\u0159edstavuj\u00edc\u00edmu r\u016fzn\u00e9 iniciativy a organizace.<!--more--><\/p>\n<p>T\u00e9matem humanist\u016f bylo n\u00e1sil\u00ed v sou\u010dasn\u00e9 spole\u010dnosti i v dne\u0161n\u00edm \u010dlov\u011bku a jedin\u00e1 cesta, kter\u00e1 n\u00e1s od tohoto n\u00e1sil\u00ed m\u016f\u017ee osvobodit: hlubok\u00e1 osobn\u00ed zm\u011bna.<\/p>","protected":false},"excerpt":{"rendered":"<p>http:\/\/youtu.be\/ZW93WGcfU1Q V ned\u011bli 17. listopadu 2013 se humanist\u00e9 prezentuj\u00edc\u00ed Park studi\u00ed a reflexe, Silovo Poselstv\u00ed a humanistick\u00e9 organizace (Komunita pro lidsk\u00fd rozvoj, Humanistick\u00e1 strana, Sv\u011bt bez v\u00e1lek a n\u00e1sil\u00ed, Sv\u011btov\u00e9 centrum humanistick\u00fdch studi\u00ed a Convergence of Cultures) p\u0159ipojili k Sametov\u00e9mu posv\u00edcen\u00ed &#8211; satirick\u00e9mu karnevalu p\u0159edstavuj\u00edc\u00edmu r\u016fzn\u00e9 iniciativy a organizace.<\/p>","protected":false},"author":25,"featured_media":0,"comment_status":"closed","ping_status":"closed","sticky":false,"template":"","format":"standard","meta":[],"categories":[3],"tags":[],"_links":{"self":[{"href":"https:\/\/parkpravikov.cz\/es\/wp-json\/wp\/v2\/posts\/1763"}],"collection":[{"href":"https:\/\/parkpravikov.cz\/es\/wp-json\/wp\/v2\/posts"}],"about":[{"href":"https:\/\/parkpravikov.cz\/es\/wp-json\/wp\/v2\/types\/post"}],"author":[{"embeddable":true,"href":"https:\/\/parkpravikov.cz\/es\/wp-json\/wp\/v2\/users\/25"}],"replies":[{"embeddable":true,"href":"https:\/\/parkpravikov.cz\/es\/wp-json\/wp\/v2\/comments?post=1763"}],"version-history":[{"count":1,"href":"https:\/\/parkpravikov.cz\/es\/wp-json\/wp\/v2\/posts\/1763\/revisions"}],"predecessor-version":[{"id":1764,"href":"https:\/\/parkpravikov.cz\/es\/wp-json\/wp\/v2\/posts\/1763\/revisions\/1764"}],"wp:attachment":[{"href":"https:\/\/parkpravikov.cz\/es\/wp-json\/wp\/v2\/media?parent=1763"}],"wp:term":[{"taxonomy":"category","embeddable":true,"href":"https:\/\/parkpravikov.cz\/es\/wp-json\/wp\/v2\/categories?post=1763"},{"taxonomy":"post_tag","embeddable":true,"href":"https:\/\/parkpravikov.cz\/es\/wp-json\/wp\/v2\/tags?post=1763"}],"curies":[{"name":"wp","href":"https:\/\/api.w.org\/{rel}","templated":true}]}}