{"id":1753,"date":"2013-11-18T00:15:07","date_gmt":"2013-11-17T23:15:07","guid":{"rendered":"\/?p=1753"},"modified":"2013-11-18T00:15:07","modified_gmt":"2013-11-17T23:15:07","slug":"seminar-sily","status":"publish","type":"post","link":"https:\/\/parkpravikov.cz\/es\/seminar-sily\/","title":{"rendered":"Semin\u00e1\u0159 S\u00edly"},"content":{"rendered":"<p>Organizuje <a href=\"http:\/\/www.komunita.org\">Komunita pro lidsk\u00fd rozvoj<\/a>.<br \/>\nPozv\u00e1nka s bli\u017e\u0161\u00edmi informacemi bude v nejbli\u017e\u0161\u00edch dnech.<\/p>","protected":false},"excerpt":{"rendered":"<p>Organizuje Komunita pro lidsk\u00fd rozvoj. Pozv\u00e1nka s bli\u017e\u0161\u00edmi informacemi bude v nejbli\u017e\u0161\u00edch dnech.<\/p>","protected":false},"author":25,"featured_media":0,"comment_status":"closed","ping_status":"closed","sticky":false,"template":"","format":"standard","meta":[],"categories":[6,4],"tags":[],"_links":{"self":[{"href":"https:\/\/parkpravikov.cz\/es\/wp-json\/wp\/v2\/posts\/1753"}],"collection":[{"href":"https:\/\/parkpravikov.cz\/es\/wp-json\/wp\/v2\/posts"}],"about":[{"href":"https:\/\/parkpravikov.cz\/es\/wp-json\/wp\/v2\/types\/post"}],"author":[{"embeddable":true,"href":"https:\/\/parkpravikov.cz\/es\/wp-json\/wp\/v2\/users\/25"}],"replies":[{"embeddable":true,"href":"https:\/\/parkpravikov.cz\/es\/wp-json\/wp\/v2\/comments?post=1753"}],"version-history":[{"count":1,"href":"https:\/\/parkpravikov.cz\/es\/wp-json\/wp\/v2\/posts\/1753\/revisions"}],"predecessor-version":[{"id":1754,"href":"https:\/\/parkpravikov.cz\/es\/wp-json\/wp\/v2\/posts\/1753\/revisions\/1754"}],"wp:attachment":[{"href":"https:\/\/parkpravikov.cz\/es\/wp-json\/wp\/v2\/media?parent=1753"}],"wp:term":[{"taxonomy":"category","embeddable":true,"href":"https:\/\/parkpravikov.cz\/es\/wp-json\/wp\/v2\/categories?post=1753"},{"taxonomy":"post_tag","embeddable":true,"href":"https:\/\/parkpravikov.cz\/es\/wp-json\/wp\/v2\/tags?post=1753"}],"curies":[{"name":"wp","href":"https:\/\/api.w.org\/{rel}","templated":true}]}}