{"id":1414,"date":"2013-01-04T10:32:34","date_gmt":"2013-01-04T09:32:34","guid":{"rendered":"\/?p=1414"},"modified":"2013-01-04T10:32:34","modified_gmt":"2013-01-04T09:32:34","slug":"workshop-aktivniho-nenasili","status":"publish","type":"post","link":"https:\/\/parkpravikov.cz\/es\/workshop-aktivniho-nenasili\/","title":{"rendered":"Workshop aktivn\u00edho nen\u00e1sil\u00ed"},"content":{"rendered":"<p><strong><a href=\"\/es\/blog\/2013\/01\/04\/workshop-aktivniho-nenasili\/symbol\/\" rel=\"attachment wp-att-1415\"><img loading=\"lazy\" class=\"alignleft size-thumbnail wp-image-1415\" src=\"\/wp-content\/uploads\/2013\/01\/symbol-150x149.jpg\" alt=\"\" width=\"150\" height=\"149\" \/><\/a>Centrum humanistick\u00fdch studi\u00ed Inspirace<\/strong> v\u00e1s srde\u010dn\u011b zve na v\u00edkendov\u00fd <strong>Workshop aktivn\u00edho nen\u00e1sil\u00ed<\/strong>. Kon\u00e1 se v Parku studi\u00ed a reflexe Prav\u00edkov (Prav\u00edkov 18), za\u010d\u00edn\u00e1 v sobotu 2. \u00fanora v 11 hodin a kon\u010d\u00ed v ned\u011bli 3. \u00fanora v 16 hodin.<!--more--><\/p>\n<p><em>Co je to aktivn\u00ed nen\u00e1sil\u00ed?<\/em><br \/>\n<em>Jak v\u016fbec m\u016f\u017eeme p\u0159ekonat n\u00e1sil\u00ed zako\u0159en\u011bn\u00e9 tak hluboko v n\u00e1s a v t\u00e9to spole\u010dnosti?<\/em><br \/>\n<em>\u010c\u00edm m\u016f\u017eeme nahradit n\u00e1sil\u00ed?<\/em><br \/>\n<em>Jak v sob\u011b m\u016f\u017eeme probudit soucit s na\u0161\u00edm &#8222;protivn\u00edkem&#8220;?<\/em><br \/>\n<em>Co zp\u016fsobuje n\u00e1sil\u00ed v na\u0161em nitru?<\/em><\/p>\n<p>Na tyto a dal\u0161\u00ed ot\u00e1zky budeme spole\u010dn\u011b hledat odpov\u011bdi.<\/p>\n<p>\u010cek\u00e1 n\u00e1s mimo jin\u00e9: dokument\u00e1rn\u00ed filmy, \u010detba text\u016f, zkoum\u00e1n\u00ed situac\u00ed n\u00e1sil\u00ed v ka\u017edodenn\u00edm \u017eivot\u011b a n\u00e1cvik mo\u017en\u00fdch nen\u00e1siln\u00fdch reakc\u00ed, diskuse, pr\u00e1ce s p\u0159edstavami&#8230;<\/p>\n<p>Workshop je bezplatn\u00fd, \u00fa\u010dastn\u00edci hrad\u00ed pouze j\u00eddlo (spole\u010dn\u00e9, 100,- K\u010d\/den) a p\u0159\u00edsp\u011bvek na provoz Parku (150,-\/den a noc).<\/p>\n<p>Registrace e-mailem nebo telefonicky je z organiza\u010dn\u00edch d\u016fvod\u016f nutn\u00e1.<br \/>\nKontakt: Petra Duhajsk\u00e1 (724 595 639, peta.duhajska@gmail.com).<\/p>\n<p><a href=\"\/es\/blog\/2013\/01\/04\/workshop-aktivniho-nenasili\/nenasili\/\" rel=\"attachment wp-att-1416\"><img loading=\"lazy\" class=\"alignnone size-full wp-image-1416\" src=\"\/wp-content\/uploads\/2013\/01\/nen\u00e1sil\u00ed.jpg\" alt=\"\" width=\"400\" height=\"293\" \/><\/a><\/p>","protected":false},"excerpt":{"rendered":"<p>Centrum humanistick\u00fdch studi\u00ed Inspirace v\u00e1s srde\u010dn\u011b zve na v\u00edkendov\u00fd Workshop aktivn\u00edho nen\u00e1sil\u00ed. Kon\u00e1 se v Parku studi\u00ed a reflexe Prav\u00edkov (Prav\u00edkov 18), za\u010d\u00edn\u00e1 v sobotu 2. \u00fanora v 11 hodin a kon\u010d\u00ed v ned\u011bli 3. \u00fanora v 16 hodin.<\/p>","protected":false},"author":25,"featured_media":0,"comment_status":"closed","ping_status":"closed","sticky":false,"template":"","format":"standard","meta":[],"categories":[6,4],"tags":[],"_links":{"self":[{"href":"https:\/\/parkpravikov.cz\/es\/wp-json\/wp\/v2\/posts\/1414"}],"collection":[{"href":"https:\/\/parkpravikov.cz\/es\/wp-json\/wp\/v2\/posts"}],"about":[{"href":"https:\/\/parkpravikov.cz\/es\/wp-json\/wp\/v2\/types\/post"}],"author":[{"embeddable":true,"href":"https:\/\/parkpravikov.cz\/es\/wp-json\/wp\/v2\/users\/25"}],"replies":[{"embeddable":true,"href":"https:\/\/parkpravikov.cz\/es\/wp-json\/wp\/v2\/comments?post=1414"}],"version-history":[{"count":4,"href":"https:\/\/parkpravikov.cz\/es\/wp-json\/wp\/v2\/posts\/1414\/revisions"}],"predecessor-version":[{"id":1420,"href":"https:\/\/parkpravikov.cz\/es\/wp-json\/wp\/v2\/posts\/1414\/revisions\/1420"}],"wp:attachment":[{"href":"https:\/\/parkpravikov.cz\/es\/wp-json\/wp\/v2\/media?parent=1414"}],"wp:term":[{"taxonomy":"category","embeddable":true,"href":"https:\/\/parkpravikov.cz\/es\/wp-json\/wp\/v2\/categories?post=1414"},{"taxonomy":"post_tag","embeddable":true,"href":"https:\/\/parkpravikov.cz\/es\/wp-json\/wp\/v2\/tags?post=1414"}],"curies":[{"name":"wp","href":"https:\/\/api.w.org\/{rel}","templated":true}]}}