{"id":1365,"date":"2012-12-20T12:35:33","date_gmt":"2012-12-20T11:35:33","guid":{"rendered":"\/?p=1365"},"modified":"2012-12-20T12:35:33","modified_gmt":"2012-12-20T11:35:33","slug":"prozitkovy-vikend-pro-rodiny-s-detmi","status":"publish","type":"post","link":"https:\/\/parkpravikov.cz\/es\/prozitkovy-vikend-pro-rodiny-s-detmi\/","title":{"rendered":"Pro\u017eitkov\u00fd v\u00edkend pro rodiny s d\u011btmi"},"content":{"rendered":"<p>V\u00edce informac\u00ed: <a href=\"http:\/\/www.komunita.org\">www.komunita.org<\/a><br \/>\nDaniela Cachov\u00e1 (bedy.ns@seznam.cz, 724 785 876)<br \/>\nSimona He\u0159tusov\u00e1 (simona.hertusova@adopceafrika.cz, 608 301 270)<\/p>","protected":false},"excerpt":{"rendered":"<p>V\u00edce informac\u00ed: www.komunita.org Daniela Cachov\u00e1 (bedy.ns@seznam.cz, 724 785 876) Simona He\u0159tusov\u00e1 (simona.hertusova@adopceafrika.cz, 608 301 270)<\/p>","protected":false},"author":25,"featured_media":0,"comment_status":"closed","ping_status":"closed","sticky":false,"template":"","format":"standard","meta":[],"categories":[6,4],"tags":[],"_links":{"self":[{"href":"https:\/\/parkpravikov.cz\/es\/wp-json\/wp\/v2\/posts\/1365"}],"collection":[{"href":"https:\/\/parkpravikov.cz\/es\/wp-json\/wp\/v2\/posts"}],"about":[{"href":"https:\/\/parkpravikov.cz\/es\/wp-json\/wp\/v2\/types\/post"}],"author":[{"embeddable":true,"href":"https:\/\/parkpravikov.cz\/es\/wp-json\/wp\/v2\/users\/25"}],"replies":[{"embeddable":true,"href":"https:\/\/parkpravikov.cz\/es\/wp-json\/wp\/v2\/comments?post=1365"}],"version-history":[{"count":1,"href":"https:\/\/parkpravikov.cz\/es\/wp-json\/wp\/v2\/posts\/1365\/revisions"}],"predecessor-version":[{"id":1366,"href":"https:\/\/parkpravikov.cz\/es\/wp-json\/wp\/v2\/posts\/1365\/revisions\/1366"}],"wp:attachment":[{"href":"https:\/\/parkpravikov.cz\/es\/wp-json\/wp\/v2\/media?parent=1365"}],"wp:term":[{"taxonomy":"category","embeddable":true,"href":"https:\/\/parkpravikov.cz\/es\/wp-json\/wp\/v2\/categories?post=1365"},{"taxonomy":"post_tag","embeddable":true,"href":"https:\/\/parkpravikov.cz\/es\/wp-json\/wp\/v2\/tags?post=1365"}],"curies":[{"name":"wp","href":"https:\/\/api.w.org\/{rel}","templated":true}]}}