{"id":1344,"date":"2012-11-30T00:01:59","date_gmt":"2012-11-29T23:01:59","guid":{"rendered":"\/?p=1344"},"modified":"2012-12-31T01:07:41","modified_gmt":"2012-12-31T00:07:41","slug":"zazitkova-prezentace-monografie-%e2%80%9evnitrni-pruvodce-a-vyvoj-cloveka","status":"publish","type":"post","link":"https:\/\/parkpravikov.cz\/es\/zazitkova-prezentace-monografie-%e2%80%9evnitrni-pruvodce-a-vyvoj-cloveka\/","title":{"rendered":"Z\u00e1\u017eitkov\u00e1 prezentace monografie \u201eVnit\u0159n\u00ed pr\u016fvodce a v\u00fdvoj \u010dlov\u011bka\u201c"},"content":{"rendered":"<p><strong><a href=\"\/es\/blog\/2012\/11\/30\/zazitkova-prezentace-monografie-%e2%80%9evnitrni-pruvodce-a-vyvoj-cloveka\/hyna\/\" rel=\"attachment wp-att-1345\"><img loading=\"lazy\" class=\"alignleft size-thumbnail wp-image-1345\" src=\"\/wp-content\/uploads\/2012\/11\/h\u00fd\u0148a-150x120.jpg\" alt=\"\" width=\"150\" height=\"120\" \/><\/a>Z\u00e1\u017eitkov\u00e1 prezentace monografie \u201eVnit\u0159n\u00ed pr\u016fvodce a v\u00fdvoj \u010dlov\u011bka\u201c<\/strong> prob\u011bhne o v\u00edkendu 8.-9. prosince 2012\u00a0v Parku studi\u00ed a reflexe Prav\u00edkov. Za\u010d\u00e1tek je pl\u00e1nov\u00e1n na sobotu v 15:30. Akce je otev\u0159en\u00e1 v\u0161em z\u00e1jemc\u016fm.<\/p>\n<p><em>\u201ePsan\u00ed je pro mne pln\u00e9 z\u00e1\u017eitk\u016f a r\u00e1d bych se o n\u011b pod\u011blil. Cel\u00e9 je to o zku\u0161enostech a citu a to se pokus\u00edm p\u0159edat. \ud83d\ude42 Tak\u017ee nejen \u010dten\u00ed, pov\u00edd\u00e1n\u00ed, diskuze, ale i \u201epr\u00e1ce\u201c na n\u00e1s sam\u00fdch.\u201c<\/em><!--more--><br \/>\nT\u00e9ma je:<br \/>\n<strong>\u201eVnit\u0159n\u00ed pr\u016fvodce a v\u00fdvoj \u010dlov\u011bka &#8211; o projevu vnit\u0159n\u00edho citu ud\u00e1vaj\u00edc\u00ed sm\u011br v\u00fdvoje\u201c<\/strong><\/p>\n<div>&#8212;<br \/>\n<em>Co d\u00e1v\u00e1 lidem s\u00edlu ve chv\u00edl\u00edch velik\u00e9 nutnosti?<\/em><br \/>\n<em>Jak se v lidech projevuje v\u00fdvoj?<\/em><br \/>\n<em>Je mo\u017en\u00e9 se naladit na na\u0161e nejlep\u0161\u00ed city, na to, co je nejv\u00edce t\u0159eba?<\/em><br \/>\n<em>Co se d\u011bje, kdy\u017e se o to za\u010dneme sna\u017eit?<\/em><br \/>\n&#8212;<\/div>\n<div><\/div>\n<div><strong>sobota<\/strong><br \/>\n* \u010dten\u00ed, v\u00fdklad a koment\u00e1\u0159e k monografii<br \/>\n* meditace a pr\u00e1ce s vnit\u0159n\u00edm pr\u016fvodcem<br \/>\n* diskuse o zku\u0161enostech<\/div>\n<div>\n<p><strong>ned\u011ble<\/strong><br \/>\n* voln\u00fd prostor pro dal\u0161\u00ed prohlubov\u00e1n\u00ed &#8230;<br \/>\n* b\u00fdt spole\u010dn\u011b v t\u00e9matu hled\u00e1n\u00ed na\u0161ich nejlep\u0161\u00edch cit\u016f &#8230;<\/p>\n<p><strong>technicky<\/strong>:<br \/>\nspan\u00ed je mo\u017en\u00e9 v Parku, kdy\u017e mi nap\u00ed\u0161ete a bude volno (150 K\u010d\/noc &#8211; p\u0159\u00edsp\u011bvek na provoz Parku), (penziony jsou bl\u00edzko)<br \/>\nj\u00eddlo uva\u0159\u00edme spole\u010dn\u011b (100 K\u010d\/den)<br \/>\nautobusy jezd\u00ed p\u0159\u00edmo do Prav\u00edkova nebo Kamenice nad Lipou a potom sta\u010d\u00ed zavolat (pojedu autem v p\u00e1tek nave\u010der)<br \/>\nhodina konce nep\u00ed\u0161u schv\u00e1ln\u011b \ud83d\ude42 budeme moci odjet kdykoli<\/p>\n<p><a href=\"\/es\/\" rel=\"nofollow nofollow\" target=\"_blank\">parkpravikov.cz<\/a><\/p>\n<p><strong>Contacto<\/strong>:<br \/>\nHynek Opoleck\u00fd<br \/>\nohynek@post.cz<br \/>\n732 235 683<\/p>\n<\/div>","protected":false},"excerpt":{"rendered":"<p>Z\u00e1\u017eitkov\u00e1 prezentace monografie \u201eVnit\u0159n\u00ed pr\u016fvodce a v\u00fdvoj \u010dlov\u011bka\u201c prob\u011bhne o v\u00edkendu 8.-9. prosince 2012\u00a0v Parku studi\u00ed a reflexe Prav\u00edkov. Za\u010d\u00e1tek je pl\u00e1nov\u00e1n na sobotu v 15:30. Akce je otev\u0159en\u00e1 v\u0161em z\u00e1jemc\u016fm. \u201ePsan\u00ed je pro mne pln\u00e9 z\u00e1\u017eitk\u016f a r\u00e1d bych se o n\u011b pod\u011blil. Cel\u00e9 je to o zku\u0161enostech a citu a to se pokus\u00edm [&hellip;]<\/p>","protected":false},"author":25,"featured_media":0,"comment_status":"closed","ping_status":"closed","sticky":false,"template":"","format":"standard","meta":[],"categories":[6,4],"tags":[],"_links":{"self":[{"href":"https:\/\/parkpravikov.cz\/es\/wp-json\/wp\/v2\/posts\/1344"}],"collection":[{"href":"https:\/\/parkpravikov.cz\/es\/wp-json\/wp\/v2\/posts"}],"about":[{"href":"https:\/\/parkpravikov.cz\/es\/wp-json\/wp\/v2\/types\/post"}],"author":[{"embeddable":true,"href":"https:\/\/parkpravikov.cz\/es\/wp-json\/wp\/v2\/users\/25"}],"replies":[{"embeddable":true,"href":"https:\/\/parkpravikov.cz\/es\/wp-json\/wp\/v2\/comments?post=1344"}],"version-history":[{"count":7,"href":"https:\/\/parkpravikov.cz\/es\/wp-json\/wp\/v2\/posts\/1344\/revisions"}],"predecessor-version":[{"id":1379,"href":"https:\/\/parkpravikov.cz\/es\/wp-json\/wp\/v2\/posts\/1344\/revisions\/1379"}],"wp:attachment":[{"href":"https:\/\/parkpravikov.cz\/es\/wp-json\/wp\/v2\/media?parent=1344"}],"wp:term":[{"taxonomy":"category","embeddable":true,"href":"https:\/\/parkpravikov.cz\/es\/wp-json\/wp\/v2\/categories?post=1344"},{"taxonomy":"post_tag","embeddable":true,"href":"https:\/\/parkpravikov.cz\/es\/wp-json\/wp\/v2\/tags?post=1344"}],"curies":[{"name":"wp","href":"https:\/\/api.w.org\/{rel}","templated":true}]}}