{"id":1152,"date":"2012-07-15T11:13:25","date_gmt":"2012-07-15T09:13:25","guid":{"rendered":"\/?p=1152"},"modified":"2012-07-15T20:29:58","modified_gmt":"2012-07-15T18:29:58","slug":"slavnostni-inaugurace-parku-pravikov","status":"publish","type":"post","link":"https:\/\/parkpravikov.cz\/es\/slavnostni-inaugurace-parku-pravikov\/","title":{"rendered":"Slavnostn\u00ed inaugurace Parku Prav\u00edkov"},"content":{"rendered":"<p><iframe loading=\"lazy\" title=\"Inaugurace Parku studi\u00ed a Reflexe Prav\u00edkov\" width=\"800\" height=\"450\" src=\"https:\/\/www.youtube.com\/embed\/9n9OimEmwM4?feature=oembed\" frameborder=\"0\" allow=\"accelerometer; autoplay; clipboard-write; encrypted-media; gyroscope; picture-in-picture\" allowfullscreen><\/iframe><\/p>\n<p>V sobotu 23. \u010dervna prob\u011bhla Slavnostn\u00ed inaugurace Parku studi\u00ed a reflexe Prav\u00edkov. Dorazilo celkem asi 250 lid\u00ed, z toho zhruba stovka p\u0159\u00e1tel z jin\u00fdch Park\u016f ve sv\u011bt\u011b.<!--more--><\/p>\n<p>Sobotn\u00ed odpoledne pat\u0159ilo zejm\u00e9na symbolick\u00fdm ceremoni\u00edm &#8211; \u00favodn\u00ed oslav\u011b, spole\u010dn\u00e9 \u017e\u00e1dosti, svatb\u011b a ochran\u011b d\u011bt\u00ed. V ned\u011bli u\u017e byl \u010das na pov\u00edd\u00e1n\u00ed ve skupink\u00e1ch &#8211; o aktivit\u00e1ch jednotliv\u00fdch Park\u016f a humanistick\u00fdch organizac\u00edch, ale i o dal\u0161\u00edch aktu\u00e1ln\u00edch t\u00e9matech.<\/p>\n<p>Fotky z cel\u00e9ho v\u00edkendu najdete <a title=\"Fotogalerie\" href=\"https:\/\/parkpravikov.cz\/es\/media\/galerie\/\">v n\u011bkolika albech <strong>v Galerii<\/strong><\/a>.<\/p>\n<p><a href=\"\/es\/blog\/2012\/07\/15\/slavnostni-inaugurace-parku-pravikov\/2012-06-23_inaugurace_79\/\" rel=\"attachment wp-att-1163\"><img loading=\"lazy\" class=\"alignnone size-large wp-image-1163\" src=\"\/wp-content\/uploads\/2012\/07\/2012-06-23_Inaugurace_79-584x389.jpg\" alt=\"\" width=\"584\" height=\"389\" \/><\/a><\/p>\n<p>T\u011b\u0161\u00edme se na dal\u0161\u00ed podobn\u00e9 setk\u00e1n\u00ed v Parku Prav\u00edkov a d\u011bkujeme v\u0161em, kte\u0159\u00ed dorazili, za pomoc s vytvo\u0159en\u00edm \u00fa\u017easn\u00e9 atmosf\u00e9ry.<\/p>","protected":false},"excerpt":{"rendered":"<p>V sobotu 23. \u010dervna prob\u011bhla Slavnostn\u00ed inaugurace Parku studi\u00ed a reflexe Prav\u00edkov. Dorazilo celkem asi 250 lid\u00ed, z toho zhruba stovka p\u0159\u00e1tel z jin\u00fdch Park\u016f ve sv\u011bt\u011b.<\/p>","protected":false},"author":25,"featured_media":0,"comment_status":"closed","ping_status":"closed","sticky":false,"template":"","format":"standard","meta":[],"categories":[3],"tags":[],"_links":{"self":[{"href":"https:\/\/parkpravikov.cz\/es\/wp-json\/wp\/v2\/posts\/1152"}],"collection":[{"href":"https:\/\/parkpravikov.cz\/es\/wp-json\/wp\/v2\/posts"}],"about":[{"href":"https:\/\/parkpravikov.cz\/es\/wp-json\/wp\/v2\/types\/post"}],"author":[{"embeddable":true,"href":"https:\/\/parkpravikov.cz\/es\/wp-json\/wp\/v2\/users\/25"}],"replies":[{"embeddable":true,"href":"https:\/\/parkpravikov.cz\/es\/wp-json\/wp\/v2\/comments?post=1152"}],"version-history":[{"count":6,"href":"https:\/\/parkpravikov.cz\/es\/wp-json\/wp\/v2\/posts\/1152\/revisions"}],"predecessor-version":[{"id":1165,"href":"https:\/\/parkpravikov.cz\/es\/wp-json\/wp\/v2\/posts\/1152\/revisions\/1165"}],"wp:attachment":[{"href":"https:\/\/parkpravikov.cz\/es\/wp-json\/wp\/v2\/media?parent=1152"}],"wp:term":[{"taxonomy":"category","embeddable":true,"href":"https:\/\/parkpravikov.cz\/es\/wp-json\/wp\/v2\/categories?post=1152"},{"taxonomy":"post_tag","embeddable":true,"href":"https:\/\/parkpravikov.cz\/es\/wp-json\/wp\/v2\/tags?post=1152"}],"curies":[{"name":"wp","href":"https:\/\/api.w.org\/{rel}","templated":true}]}}