{"id":968,"date":"2012-04-30T20:04:01","date_gmt":"2012-04-30T18:04:01","guid":{"rendered":"\/?p=968"},"modified":"2012-12-31T01:16:25","modified_gmt":"2012-12-31T00:16:25","slug":"pracovni-kveten-v-parku-pravikov","status":"publish","type":"post","link":"https:\/\/parkpravikov.cz\/en\/pracovni-kveten-v-parku-pravikov\/","title":{"rendered":"Pracovn\u00ed kv\u011bten v Parku Prav\u00edkov"},"content":{"rendered":"<p><a href=\"\/en\/blog\/2012\/04\/30\/pracovni-kveten-v-parku-pravikov\/kolecko\/\" rel=\"attachment wp-att-970\"><img loading=\"lazy\" class=\"alignleft size-thumbnail wp-image-970\" src=\"\/wp-content\/uploads\/2012\/04\/kole\u010dko-150x225.jpg\" alt=\"\" width=\"150\" height=\"225\" \/><\/a>V \u010dervnu \u010dek\u00e1 Park studi\u00ed a reflexe Prav\u00edkov <a title=\"Slavnostn\u00ed inaugurace Parku studi\u00ed a reflexe Prav\u00edkov\" href=\"\/en\/blog\/2012\/04\/08\/slavnostni-inaugurace-parku-studii-a-reflexe-pravikov\/\">Slavnostn\u00ed inaugurace<\/a>. Do t\u00e9 doby je pot\u0159eba zvl\u00e1dnout spoustu pr\u00e1ce &#8211; pl\u00e1nujeme za\u010d\u00edt s \u00fapravami pozemku a dal\u0161\u00edmi p\u0159\u00edpravami na inauguraci. Proto budou prakticky v\u0161echny kv\u011btnov\u00e9 v\u00edkendy (n\u011bkdy prodlou\u017een\u00e9) v\u011bnovan\u00e9 pr\u00e1ci &#8211; a ka\u017ed\u00e1 pomocn\u00e1 ruka se bude hodit.<!--more--><\/p>\n<p>Sobota 5. kv\u011btna bude pat\u0159it <a title=\"Den inspirace\" href=\"\/en\/blog\/2012\/04\/10\/den-inspirace\/\">Dni inspirace<\/a>, ale od ned\u011ble do \u00fater\u00fd u\u017e za\u010dneme s <a title=\"Pracovn\u00ed kv\u011bten\" href=\"\/en\/pracovni-kveten\/\">pracemi na zahrad\u011b<\/a>. A budeme v nich pokra\u010dovat i b\u011bhem v\u00edkendu 12.-13. kv\u011btna. Data a \u010dasy jsou zat\u00edm orienta\u010dn\u00ed, proto\u017ee z\u00e1visej\u00ed na tom, na kdy se poda\u0159\u00ed domluvit techniku, kdy budou hotov\u00e9 pl\u00e1nky atd. Ale pr\u00e1ce bude tolik, \u017ee ur\u010dit\u011b bude co d\u011blat.<\/p>\n<p>Abychom v\u011bd\u011bli, s kolika lidmi m\u016f\u017eeme po\u010d\u00edtat, dejte n\u00e1m, pros\u00edm, v\u011bd\u011bt, od kdy do kdy byste do prac\u00ed na zahrad\u011b r\u00e1di zapojili. Kontakt: Dana Feminov\u00e1 (777 711 911, danafem@volny.cz).<\/p>\n<p>Od p\u00e1tku 18. kv\u011btna (intenzivn\u011b se bude pracovat zejm\u00e9na b\u011bhem dvou prodlou\u017een\u00fdch v\u00edkend\u016f: 18.-20. a 25.-27. kv\u011btna) n\u00e1s \u010dekaj\u00ed trochu <a title=\"Pracovn\u00ed kv\u011bten\" href=\"\/en\/pracovni-kveten\/\">n\u00e1ro\u010dn\u011bj\u0161\u00ed pr\u00e1ce<\/a>: kop\u00e1n\u00ed, betonov\u00e1n\u00ed, malov\u00e1n\u00ed fas\u00e1dy a dal\u0161\u00ed.<\/p>\n<p>S dotazy a potvrzen\u00edm sv\u00e9 \u00fa\u010dasti se obracejte na Jana Bedn\u00e1\u0159e (608 731 162, janb@volny.cz).<\/p>\n<p>U\u017e <a href=\"https:\/\/parkpravikov.cz\/en\/media\/?album=PracovniLeto2011WorkSummer2011\/\">od lo\u0148sk\u00e9ho l\u00e9ta<\/a> Park postupn\u011b upravujeme a vytv\u00e1\u0159\u00edme spole\u010dn\u00fdmi silami. Opravdu ka\u017ed\u00e1 pomoc je v\u00edtan\u00e1. Ur\u010dit\u011b si b\u011bhem pracovn\u00edch dn\u016f najdeme i chv\u00edli na proch\u00e1zku, spole\u010dn\u00e9 popov\u00edd\u00e1n\u00ed a podle n\u00e1lady t\u0159eba i na n\u011bjakou symbolickou ceremonii.<\/p>\n<p>&nbsp;<\/p>","protected":false},"excerpt":{"rendered":"<p>V \u010dervnu \u010dek\u00e1 Park studi\u00ed a reflexe Prav\u00edkov Slavnostn\u00ed inaugurace. Do t\u00e9 doby je pot\u0159eba zvl\u00e1dnout spoustu pr\u00e1ce &#8211; pl\u00e1nujeme za\u010d\u00edt s \u00fapravami pozemku a dal\u0161\u00edmi p\u0159\u00edpravami na inauguraci. Proto budou prakticky v\u0161echny kv\u011btnov\u00e9 v\u00edkendy (n\u011bkdy prodlou\u017een\u00e9) v\u011bnovan\u00e9 pr\u00e1ci &#8211; a ka\u017ed\u00e1 pomocn\u00e1 ruka se bude hodit.<\/p>","protected":false},"author":25,"featured_media":0,"comment_status":"closed","ping_status":"closed","sticky":false,"template":"","format":"standard","meta":[],"categories":[6,4],"tags":[],"_links":{"self":[{"href":"https:\/\/parkpravikov.cz\/en\/wp-json\/wp\/v2\/posts\/968"}],"collection":[{"href":"https:\/\/parkpravikov.cz\/en\/wp-json\/wp\/v2\/posts"}],"about":[{"href":"https:\/\/parkpravikov.cz\/en\/wp-json\/wp\/v2\/types\/post"}],"author":[{"embeddable":true,"href":"https:\/\/parkpravikov.cz\/en\/wp-json\/wp\/v2\/users\/25"}],"replies":[{"embeddable":true,"href":"https:\/\/parkpravikov.cz\/en\/wp-json\/wp\/v2\/comments?post=968"}],"version-history":[{"count":6,"href":"https:\/\/parkpravikov.cz\/en\/wp-json\/wp\/v2\/posts\/968\/revisions"}],"predecessor-version":[{"id":1389,"href":"https:\/\/parkpravikov.cz\/en\/wp-json\/wp\/v2\/posts\/968\/revisions\/1389"}],"wp:attachment":[{"href":"https:\/\/parkpravikov.cz\/en\/wp-json\/wp\/v2\/media?parent=968"}],"wp:term":[{"taxonomy":"category","embeddable":true,"href":"https:\/\/parkpravikov.cz\/en\/wp-json\/wp\/v2\/categories?post=968"},{"taxonomy":"post_tag","embeddable":true,"href":"https:\/\/parkpravikov.cz\/en\/wp-json\/wp\/v2\/tags?post=968"}],"curies":[{"name":"wp","href":"https:\/\/api.w.org\/{rel}","templated":true}]}}