{"id":4749,"date":"2024-11-07T09:49:49","date_gmt":"2024-11-07T09:49:49","guid":{"rendered":"https:\/\/parkpravikov.cz\/?p=4749"},"modified":"2024-11-22T16:16:00","modified_gmt":"2024-11-22T16:16:00","slug":"3-svetovy-pochod-za-mir-a-nenasili","status":"publish","type":"post","link":"https:\/\/parkpravikov.cz\/en\/3-svetovy-pochod-za-mir-a-nenasili\/","title":{"rendered":"3. sv\u011btov\u00fd pochod za m\u00edr a nen\u00e1sil\u00ed"},"content":{"rendered":"<p>Ve st\u0159edu 2. \u0159\u00edjna odstartoval 3. sv\u011btov\u00fd pochod za m\u00edr a nen\u00e1sil\u00ed na Kostarice, symbolicky v Mezin\u00e1rodn\u00ed den nen\u00e1sil\u00ed. Po cel\u00e9m sv\u011bt\u011b se budou konat aktivity od 2.10. do 5.1.2025 s c\u00edlem \u0161\u00ed\u0159it pov\u011bdom\u00ed o m\u00edru a nen\u00e1sil\u00ed a p\u0159edstavit rozmanit\u00e9 pozitivn\u00ed akce, kter\u00e9 lid\u00e9, organizace a n\u00e1rody vyv\u00edjej\u00ed na mnoha m\u00edstech sm\u011brem k uplat\u0148ov\u00e1n\u00ed pr\u00e1v, nediskriminace, spolupr\u00e1ce a m\u00edrov\u00e9ho sou\u017eit\u00ed&#8230;<\/p>\n\n\n\n<p>V\u00edce informac\u00ed je&nbsp;<a href=\"https:\/\/en.theworldmarch.org\/\">here&nbsp;<\/a><\/p>\n\n\n\n<p><strong>1. sv\u011btov\u00fd pochod&nbsp;<\/strong>za m\u00edr a nen\u00e1sil\u00ed procestoval 97 zem\u00ed na 5 kontinentech, tis\u00edce aktivit se konalo ve v\u00edce ne\u017e 400 m\u011bstech, z\u00fa\u010dastnilo se ho v\u00edce ne\u017e 2000 organizac\u00ed a statis\u00edce lid\u00ed. \u010ceskou republikou pro\u0161el 1. &#8211; 4.11.2009,&nbsp;<a href=\"https:\/\/en.theworldmarch.org\/la-primera-marcha-mundial-por-la-paz-y-la-novilencia\/\">https:\/\/en.theworldmarch.org\/la-primera-marcha-mundial-por-la-paz-y-la-novilencia\/<\/a>&nbsp;&#8211; shrnut\u00ed z akc\u00ed v \u010cesk\u00e9 republice je na stran\u011b 102-108.<\/p>\n\n\n\n<p><strong>2. sv\u011btov\u00fd pochod<\/strong>&nbsp;za m\u00edr a nen\u00e1sil\u00ed obe\u0161el celou planetu za 159 dn\u00ed a aktivity se konaly v 51 zem\u00edch a 122 m\u011bstech. \u010ceskou republikou pro\u0161el 20. 2. 2020,&nbsp;<a href=\"http:\/\/en.theworldmarch.org\/la-marcha-mundial-en-republica-chequia\/\">here<\/a>&nbsp;je shrnut\u00ed aktivit z Prahy<\/p>\n\n\n\n<p>\u010ceskou republikou projde letos pochod v ned\u011bli 10.11. &#8211; pond\u011bl\u00ed 11.11.<\/p>\n\n\n\n<p>P\u0159id\u00e1te se tak\u00e9?<br>Park studi\u00ed a reflexe Prav\u00edkov<\/p>\n\n\n\n<figure class=\"wp-block-image size-large\"><img loading=\"lazy\" width=\"768\" height=\"1024\" src=\"https:\/\/parkpravikov.cz\/wp-content\/uploads\/2024\/11\/IMG-20241105-WA0010-1-768x1024.jpg\" alt=\"\" class=\"wp-image-4764\" srcset=\"https:\/\/parkpravikov.cz\/wp-content\/uploads\/2024\/11\/IMG-20241105-WA0010-1-768x1024.jpg 768w, https:\/\/parkpravikov.cz\/wp-content\/uploads\/2024\/11\/IMG-20241105-WA0010-1-225x300.jpg 225w, https:\/\/parkpravikov.cz\/wp-content\/uploads\/2024\/11\/IMG-20241105-WA0010-1-1152x1536.jpg 1152w, https:\/\/parkpravikov.cz\/wp-content\/uploads\/2024\/11\/IMG-20241105-WA0010-1-9x12.jpg 9w, https:\/\/parkpravikov.cz\/wp-content\/uploads\/2024\/11\/IMG-20241105-WA0010-1.jpg 1200w\" sizes=\"(max-width: 768px) 100vw, 768px\" \/><\/figure>\n\n\n\n<figure class=\"wp-block-image size-large\"><img loading=\"lazy\" width=\"1024\" height=\"514\" src=\"http:\/\/parkpravikov.cz\/wp-content\/uploads\/2024\/11\/IMG-20241105-WA0001-1-1024x514.jpg\" alt=\"\" class=\"wp-image-4754\" srcset=\"https:\/\/parkpravikov.cz\/wp-content\/uploads\/2024\/11\/IMG-20241105-WA0001-1-1024x514.jpg 1024w, https:\/\/parkpravikov.cz\/wp-content\/uploads\/2024\/11\/IMG-20241105-WA0001-1-300x151.jpg 300w, https:\/\/parkpravikov.cz\/wp-content\/uploads\/2024\/11\/IMG-20241105-WA0001-1-768x385.jpg 768w, https:\/\/parkpravikov.cz\/wp-content\/uploads\/2024\/11\/IMG-20241105-WA0001-1-1536x771.jpg 1536w, https:\/\/parkpravikov.cz\/wp-content\/uploads\/2024\/11\/IMG-20241105-WA0001-1-18x9.jpg 18w, https:\/\/parkpravikov.cz\/wp-content\/uploads\/2024\/11\/IMG-20241105-WA0001-1.jpg 1935w\" sizes=\"(max-width: 1024px) 100vw, 1024px\" \/><\/figure>\n\n\n\n<figure class=\"wp-block-image size-large\"><img loading=\"lazy\" width=\"1024\" height=\"768\" src=\"https:\/\/parkpravikov.cz\/wp-content\/uploads\/2024\/11\/IMG-20241105-WA0004-1-1024x768.jpg\" alt=\"\" class=\"wp-image-4760\" srcset=\"https:\/\/parkpravikov.cz\/wp-content\/uploads\/2024\/11\/IMG-20241105-WA0004-1-1024x768.jpg 1024w, https:\/\/parkpravikov.cz\/wp-content\/uploads\/2024\/11\/IMG-20241105-WA0004-1-300x225.jpg 300w, https:\/\/parkpravikov.cz\/wp-content\/uploads\/2024\/11\/IMG-20241105-WA0004-1-768x576.jpg 768w, https:\/\/parkpravikov.cz\/wp-content\/uploads\/2024\/11\/IMG-20241105-WA0004-1-1536x1152.jpg 1536w, https:\/\/parkpravikov.cz\/wp-content\/uploads\/2024\/11\/IMG-20241105-WA0004-1-16x12.jpg 16w, https:\/\/parkpravikov.cz\/wp-content\/uploads\/2024\/11\/IMG-20241105-WA0004-1.jpg 1600w\" sizes=\"(max-width: 1024px) 100vw, 1024px\" \/><\/figure>\n\n\n\n<figure class=\"wp-block-image size-large\"><img loading=\"lazy\" width=\"1024\" height=\"768\" src=\"https:\/\/parkpravikov.cz\/wp-content\/uploads\/2024\/11\/IMG-20241105-WA0008-1-1024x768.jpg\" alt=\"\" class=\"wp-image-4761\" srcset=\"https:\/\/parkpravikov.cz\/wp-content\/uploads\/2024\/11\/IMG-20241105-WA0008-1-1024x768.jpg 1024w, https:\/\/parkpravikov.cz\/wp-content\/uploads\/2024\/11\/IMG-20241105-WA0008-1-300x225.jpg 300w, https:\/\/parkpravikov.cz\/wp-content\/uploads\/2024\/11\/IMG-20241105-WA0008-1-768x576.jpg 768w, https:\/\/parkpravikov.cz\/wp-content\/uploads\/2024\/11\/IMG-20241105-WA0008-1-1536x1152.jpg 1536w, https:\/\/parkpravikov.cz\/wp-content\/uploads\/2024\/11\/IMG-20241105-WA0008-1-16x12.jpg 16w, https:\/\/parkpravikov.cz\/wp-content\/uploads\/2024\/11\/IMG-20241105-WA0008-1.jpg 1600w\" sizes=\"(max-width: 1024px) 100vw, 1024px\" \/><\/figure>\n\n\n\n<figure class=\"wp-block-image size-large\"><img loading=\"lazy\" width=\"768\" height=\"1024\" src=\"https:\/\/parkpravikov.cz\/wp-content\/uploads\/2024\/11\/IMG-20241105-WA0000-1-768x1024.jpg\" alt=\"\" class=\"wp-image-4762\" srcset=\"https:\/\/parkpravikov.cz\/wp-content\/uploads\/2024\/11\/IMG-20241105-WA0000-1-768x1024.jpg 768w, https:\/\/parkpravikov.cz\/wp-content\/uploads\/2024\/11\/IMG-20241105-WA0000-1-225x300.jpg 225w, https:\/\/parkpravikov.cz\/wp-content\/uploads\/2024\/11\/IMG-20241105-WA0000-1-1152x1536.jpg 1152w, https:\/\/parkpravikov.cz\/wp-content\/uploads\/2024\/11\/IMG-20241105-WA0000-1-9x12.jpg 9w, https:\/\/parkpravikov.cz\/wp-content\/uploads\/2024\/11\/IMG-20241105-WA0000-1.jpg 1200w\" sizes=\"(max-width: 768px) 100vw, 768px\" \/><\/figure>\n\n\n\n<figure class=\"wp-block-image size-large\"><img loading=\"lazy\" width=\"768\" height=\"1024\" src=\"https:\/\/parkpravikov.cz\/wp-content\/uploads\/2024\/11\/IMG-20241105-WA0009-1-768x1024.jpg\" alt=\"\" class=\"wp-image-4763\" srcset=\"https:\/\/parkpravikov.cz\/wp-content\/uploads\/2024\/11\/IMG-20241105-WA0009-1-768x1024.jpg 768w, https:\/\/parkpravikov.cz\/wp-content\/uploads\/2024\/11\/IMG-20241105-WA0009-1-225x300.jpg 225w, https:\/\/parkpravikov.cz\/wp-content\/uploads\/2024\/11\/IMG-20241105-WA0009-1-1152x1536.jpg 1152w, https:\/\/parkpravikov.cz\/wp-content\/uploads\/2024\/11\/IMG-20241105-WA0009-1-9x12.jpg 9w, https:\/\/parkpravikov.cz\/wp-content\/uploads\/2024\/11\/IMG-20241105-WA0009-1.jpg 1200w\" sizes=\"(max-width: 768px) 100vw, 768px\" \/><\/figure>","protected":false},"excerpt":{"rendered":"<p>Ve st\u0159edu 2. \u0159\u00edjna odstartoval 3. sv\u011btov\u00fd pochod za m\u00edr a nen\u00e1sil\u00ed na Kostarice, symbolicky v Mezin\u00e1rodn\u00ed den nen\u00e1sil\u00ed. Po cel\u00e9m sv\u011bt\u011b se budou konat aktivity od 2.10. do 5.1.2025 s c\u00edlem \u0161\u00ed\u0159it pov\u011bdom\u00ed o m\u00edru a nen\u00e1sil\u00ed a p\u0159edstavit rozmanit\u00e9 pozitivn\u00ed akce, kter\u00e9 lid\u00e9, organizace a n\u00e1rody vyv\u00edjej\u00ed na mnoha m\u00edstech sm\u011brem k uplat\u0148ov\u00e1n\u00ed [&hellip;]<\/p>","protected":false},"author":12,"featured_media":4753,"comment_status":"closed","ping_status":"open","sticky":false,"template":"","format":"standard","meta":[],"categories":[4],"tags":[],"_links":{"self":[{"href":"https:\/\/parkpravikov.cz\/en\/wp-json\/wp\/v2\/posts\/4749"}],"collection":[{"href":"https:\/\/parkpravikov.cz\/en\/wp-json\/wp\/v2\/posts"}],"about":[{"href":"https:\/\/parkpravikov.cz\/en\/wp-json\/wp\/v2\/types\/post"}],"author":[{"embeddable":true,"href":"https:\/\/parkpravikov.cz\/en\/wp-json\/wp\/v2\/users\/12"}],"replies":[{"embeddable":true,"href":"https:\/\/parkpravikov.cz\/en\/wp-json\/wp\/v2\/comments?post=4749"}],"version-history":[{"count":2,"href":"https:\/\/parkpravikov.cz\/en\/wp-json\/wp\/v2\/posts\/4749\/revisions"}],"predecessor-version":[{"id":4786,"href":"https:\/\/parkpravikov.cz\/en\/wp-json\/wp\/v2\/posts\/4749\/revisions\/4786"}],"wp:featuredmedia":[{"embeddable":true,"href":"https:\/\/parkpravikov.cz\/en\/wp-json\/wp\/v2\/media\/4753"}],"wp:attachment":[{"href":"https:\/\/parkpravikov.cz\/en\/wp-json\/wp\/v2\/media?parent=4749"}],"wp:term":[{"taxonomy":"category","embeddable":true,"href":"https:\/\/parkpravikov.cz\/en\/wp-json\/wp\/v2\/categories?post=4749"},{"taxonomy":"post_tag","embeddable":true,"href":"https:\/\/parkpravikov.cz\/en\/wp-json\/wp\/v2\/tags?post=4749"}],"curies":[{"name":"wp","href":"https:\/\/api.w.org\/{rel}","templated":true}]}}