{"id":4682,"date":"2023-03-15T15:26:54","date_gmt":"2023-03-15T15:26:54","guid":{"rendered":"http:\/\/parkpravikov.cz\/?p=4682"},"modified":"2024-11-22T16:10:35","modified_gmt":"2024-11-22T16:10:35","slug":"seminar-vnitrni-pruvodce","status":"publish","type":"post","link":"https:\/\/parkpravikov.cz\/en\/seminar-vnitrni-pruvodce\/","title":{"rendered":"Semin\u00e1\u0159 Vnit\u0159n\u00ed Pr\u016fvodce"},"content":{"rendered":"<figure class=\"wp-block-embed is-type-video is-provider-vimeo wp-block-embed-vimeo wp-embed-aspect-16-9 wp-has-aspect-ratio\"><div class=\"wp-block-embed__wrapper\">\n<iframe loading=\"lazy\" title=\"Vnitrni_pruvodce_pozvanka\" src=\"https:\/\/player.vimeo.com\/video\/818737715?h=ff308c1458&amp;dnt=1&amp;app_id=122963\" width=\"800\" height=\"450\" frameborder=\"0\" allow=\"autoplay; fullscreen; picture-in-picture\" allowfullscreen><\/iframe>\n<\/div><\/figure>\n\n\n\n<h4>So 29.4. 11:00 &#8211; Ne 30.4. 16:00<\/h4>\n\n\n\n<p>Na semin\u00e1\u0159i se nau\u010d\u00edte techniky, jak se spojit s hlubok\u00fdm vzorem &#8211; s vnit\u0159n\u00edm pr\u016fvodcem.&nbsp;<\/p>\n\n\n\n<p>Semin\u00e1\u0159em n\u00e1s provede M\u00ed\u0161a Ahimsa, pro kterou je vnit\u0159n\u00ed pr\u016fvodce z\u00e1kladem osobn\u00edho rozvoje:&nbsp;<\/p>\n\n\n\n<blockquote class=\"wp-block-quote\"><p>,,P\u0159ed n\u011bkolika lety jsem se nau\u010dila dost\u00e1vat ke sv\u00e9mu vnit\u0159n\u00edmu pr\u016fvodci. Od t\u00e9 doby si k n\u011bmu chod\u00edm pro radu nebo odpov\u011bdi kdykoliv \u0159e\u0161\u00edm d\u016fle\u017eit\u00e9 ot\u00e1zky. Pom\u00e1h\u00e1 m\u00ed, kdy\u017e je mi smutno, jsem-li v n\u00e1ro\u010dn\u00e9 situaci nebo nemocn\u00e1. Vnit\u0159n\u00ed pr\u016fvodce mi dod\u00e1v\u00e1 s\u00edlu, \u010dasto mi uk\u00e1\u017ee n\u011bjakou hlub\u0161\u00ed p\u0159\u00ed\u010dinu toho, co zrovna \u0159e\u0161\u00edm, n\u011bkdy mn\u011b chl\u00e1chol\u00ed :). D\u00edky pr\u016fvodci vn\u00edm\u00e1m, \u017ee m\u00e1m daleko v\u011bt\u0161\u00ed moc nad sv\u00fdm \u017eivotem a \u010d\u00edm d\u00e1l t\u00edm v\u00edc se dost\u00e1v\u00e1m do sv\u00e9 s\u00edly a st\u00e1v\u00e1m se tou M\u00ed\u0161ou, kterou si doopravdy p\u0159eji b\u00fdt.\u201d<\/p><\/blockquote>\n\n\n\n<figure class=\"wp-block-image size-full is-resized\"><img loading=\"lazy\" src=\"http:\/\/parkpravikov.cz\/wp-content\/uploads\/2023\/03\/02-c-jidlo-1024x770-1.jpeg\" alt=\"\" class=\"wp-image-4684\" width=\"838\" height=\"631\" srcset=\"https:\/\/parkpravikov.cz\/wp-content\/uploads\/2023\/03\/02-c-jidlo-1024x770-1.jpeg 1024w, https:\/\/parkpravikov.cz\/wp-content\/uploads\/2023\/03\/02-c-jidlo-1024x770-1-300x226.jpeg 300w, https:\/\/parkpravikov.cz\/wp-content\/uploads\/2023\/03\/02-c-jidlo-1024x770-1-768x578.jpeg 768w, https:\/\/parkpravikov.cz\/wp-content\/uploads\/2023\/03\/02-c-jidlo-1024x770-1-16x12.jpeg 16w\" sizes=\"(max-width: 838px) 100vw, 838px\" \/><\/figure>\n\n\n\n<p>V n\u00e1dhern\u00e9m prost\u0159ed\u00ed Parku studi\u00ed a reflexe na Vyso\u010din\u011b se budeme v\u011bnovat relaxaci, meditaci, pr\u00e1ci s p\u0159edstavami, \u010detb\u011b, studiu a pr\u00e1ci ve skupink\u00e1ch.&nbsp;<\/p>\n\n\n\n<p>Semin\u00e1\u0159 je vhodn\u00fd kohokoliv, kdo m\u00e1 chu\u0165 nebo pot\u0159ebu se ve sv\u00e9m \u017eivot\u011b posunout, l\u00e9pe se poznat a nau\u010dit se techniky, jak se propojit s t\u00edm nejlep\u0161\u00edm vnit\u0159n\u00edm pro\u017e\u00edv\u00e1n\u00edm.<\/p>\n\n\n\n<p>C\u00edlem semin\u00e1\u0159e je:<\/p>\n\n\n\n<ul><li>Nal\u00e9zt spojen\u00ed s na\u0161\u00edm nejhlub\u0161\u00edm vzorem.<\/li><li>Ujasnit si vnit\u0159n\u00edho pr\u016fvodce, kter\u00fd je na\u0161\u00ed oporou a r\u00e1dcem.<\/li><li>Spojit se s citem, kter\u00fd n\u00e1s p\u0159iv\u00e1d\u00ed k tomu, k\u00fdm doopravdy jsme.<\/li><\/ul>\n\n\n\n<p><\/p>\n\n\n\n<p>Do Parku studi\u00ed je mo\u017en\u00e9 p\u0159ijet u\u017e v p\u00e1tek ve\u010der nebo v sobotu dopoledne a lze z\u016fstat do pond\u011bl\u00ed.&nbsp;<\/p>\n\n\n\n<p>Semin\u00e1\u0159 je nekomer\u010dn\u00ed. Znalosti a techniky jsou pro n\u00e1s natolik nitern\u00ed, \u017ee je nechceme vym\u011b\u0148ovat za pen\u00edze. Ka\u017ed\u00fd si plat\u00ed pouze dopravu a n\u00e1klady na j\u00eddlo, ubytov\u00e1n\u00ed.&nbsp;<\/p>\n\n\n\n<p>Doprava vlastn\u00ed, je mo\u017enost se domluvit na spoluj\u00edzdu dle m\u00edst v autech.<\/p>\n\n\n\n<p>N\u00e1klady na ubytov\u00e1n\u00ed jsou 200,- K\u010d\/noc.<\/p>\n\n\n\n<p>Stravov\u00e1n\u00ed po dohod\u011b spole\u010dn\u011b \u2013 rozpo\u010d\u00edt\u00e1me spole\u010dn\u00e9 n\u00e1klady.&nbsp;<\/p>\n\n\n\n<p>Uv\u00edt\u00e1me dobrovoln\u00fd p\u0159\u00edsp\u011bvek na rozvoj Parku studi\u00ed a reflexe v jak\u00e9koliv v\u00fd\u0161i.<\/p>\n\n\n\n<p>Kv\u016fli omezen\u00e9 ubytovac\u00ed kapacit\u011b a organizaci je nutn\u00e9 se p\u0159edem registrovat n\u00ed\u017ee:&nbsp;<\/p>\n\n\n\n<blockquote class=\"wp-block-quote\"><p>\u201eMoudr\u00fd je ten, kdo zn\u00e1 vlastn\u00ed hlubok\u00e9 vzory, ale moud\u0159ej\u0161\u00ed je ten, kdo je dok\u00e1\u017ee d\u00e1t do slu\u017eeb nejlep\u0161\u00edch c\u00edl\u016f\u201c \u2013 Silo, z&nbsp;knihy Polid\u0161tit Zemi<\/p><\/blockquote>\n\n\n\n<pre class=\"wp-block-code\"><code><\/code><\/pre>\n\n\n\n<iframe loading=\"lazy\" src=\"https:\/\/docs.google.com\/forms\/d\/e\/1FAIpQLSf9T-sEWr7YuJ2pSp9FzlNUicMusLr5Q0LMsHtT4Vb6wFxQlA\/viewform?embedded=true\" width=\"640\" height=\"2349\" frameborder=\"0\" marginheight=\"0\" marginwidth=\"0\">Loading\u2026<\/iframe>","protected":false},"excerpt":{"rendered":"<p>So 29.4. 11:00 &#8211; Ne 30.4. 16:00 Na semin\u00e1\u0159i se nau\u010d\u00edte techniky, jak se spojit s hlubok\u00fdm vzorem &#8211; s vnit\u0159n\u00edm pr\u016fvodcem.&nbsp; Semin\u00e1\u0159em n\u00e1s provede M\u00ed\u0161a Ahimsa, pro kterou je vnit\u0159n\u00ed pr\u016fvodce z\u00e1kladem osobn\u00edho rozvoje:&nbsp; ,,P\u0159ed n\u011bkolika lety jsem se nau\u010dila dost\u00e1vat ke sv\u00e9mu vnit\u0159n\u00edmu pr\u016fvodci. Od t\u00e9 doby si k n\u011bmu chod\u00edm pro radu [&hellip;]<\/p>","protected":false},"author":9,"featured_media":4686,"comment_status":"closed","ping_status":"open","sticky":false,"template":"","format":"standard","meta":[],"categories":[5,6],"tags":[],"_links":{"self":[{"href":"https:\/\/parkpravikov.cz\/en\/wp-json\/wp\/v2\/posts\/4682"}],"collection":[{"href":"https:\/\/parkpravikov.cz\/en\/wp-json\/wp\/v2\/posts"}],"about":[{"href":"https:\/\/parkpravikov.cz\/en\/wp-json\/wp\/v2\/types\/post"}],"author":[{"embeddable":true,"href":"https:\/\/parkpravikov.cz\/en\/wp-json\/wp\/v2\/users\/9"}],"replies":[{"embeddable":true,"href":"https:\/\/parkpravikov.cz\/en\/wp-json\/wp\/v2\/comments?post=4682"}],"version-history":[{"count":8,"href":"https:\/\/parkpravikov.cz\/en\/wp-json\/wp\/v2\/posts\/4682\/revisions"}],"predecessor-version":[{"id":4734,"href":"https:\/\/parkpravikov.cz\/en\/wp-json\/wp\/v2\/posts\/4682\/revisions\/4734"}],"wp:featuredmedia":[{"embeddable":true,"href":"https:\/\/parkpravikov.cz\/en\/wp-json\/wp\/v2\/media\/4686"}],"wp:attachment":[{"href":"https:\/\/parkpravikov.cz\/en\/wp-json\/wp\/v2\/media?parent=4682"}],"wp:term":[{"taxonomy":"category","embeddable":true,"href":"https:\/\/parkpravikov.cz\/en\/wp-json\/wp\/v2\/categories?post=4682"},{"taxonomy":"post_tag","embeddable":true,"href":"https:\/\/parkpravikov.cz\/en\/wp-json\/wp\/v2\/tags?post=4682"}],"curies":[{"name":"wp","href":"https:\/\/api.w.org\/{rel}","templated":true}]}}