{"id":4417,"date":"2022-03-01T16:13:19","date_gmt":"2022-03-01T16:13:19","guid":{"rendered":"http:\/\/parkpravikov.cz\/?p=4417"},"modified":"2022-09-26T20:36:24","modified_gmt":"2022-09-26T20:36:24","slug":"srpnove-dny-rozvoje-parku-pravikov-12-21-8-2022","status":"publish","type":"post","link":"https:\/\/parkpravikov.cz\/en\/srpnove-dny-rozvoje-parku-pravikov-12-21-8-2022\/","title":{"rendered":"Srpnov\u00e9 dny rozvoje Parku Prav\u00edkov 12.-21.8.2022"},"content":{"rendered":"<p>P\u0159idej se ke skv\u011bl\u00e9 part\u011b dobrovoln\u00edk\u016f, kte\u0159\u00ed vlastn\u00edma rukama tvo\u0159\u00ed kr\u00e1sn\u00e9 m\u00edsto na Vyso\u010din\u011b se spole\u010dn\u00fdm z\u00e1m\u011brem: umo\u017enit sob\u011b i ostatn\u00edm pro\u017e\u00edvat hlubok\u00e9 vnit\u0159n\u00ed zku\u0161enosti, kter\u00e9 mohou z\u00e1sadn\u011b zm\u011bnit kvalitu na\u0161eho ka\u017edodenn\u00edho \u017eivota.<\/p>\n\n\n\n<div class=\"wp-block-image\"><figure class=\"aligncenter size-full\"><img loading=\"lazy\" src=\"http:\/\/parkpravikov.cz\/wp-content\/uploads\/2020\/07\/Lavori20192-584x438-1.jpg\" alt=\"\" class=\"wp-image-3343\" width=\"NaN\" height=\"NaN\" srcset=\"https:\/\/parkpravikov.cz\/wp-content\/uploads\/2020\/07\/Lavori20192-584x438-1.jpg 584w, https:\/\/parkpravikov.cz\/wp-content\/uploads\/2020\/07\/Lavori20192-584x438-1-300x225.jpg 300w\" sizes=\"(max-width: 584px) 100vw, 584px\" \/><\/figure><\/div>\n\n\n\n<p>Toto l\u00e9to op\u011bt pokra\u010dujeme v rekonstrukci. Uv\u00edt\u00e1me jakoukoliv pomoc: \u0159emeslnou, zahradnickou, \u00faklid, va\u0159en\u00ed, atd. P\u0159ipojit se m\u016f\u017ee\u0161 na libovolnou dobu.<\/p>\n\n\n\n<p>Krom\u011b pr\u00e1ce se m\u016f\u017ee\u0161 sezn\u00e1mit s nov\u00fdmi lidmi z \u010cech i \u0160pan\u011blska, zapojit do spole\u010dn\u00fdch meditac\u00ed, posed\u011bt ve\u010der u ohn\u011b, vykoupat se v bl\u00edzk\u00fdch rybn\u00edc\u00edch, nebo zaj\u00edt do lesa na houby.<\/p>\n\n\n\n<p>P\u0159esp\u00e1n\u00ed v Parku je nutn\u00e9 z d\u016fvodu kapacity zarezervovat p\u0159edem. Pobyt a span\u00ed v Parku je b\u011bhem pracovn\u00edch akc\u00ed zdarma. Pokud m\u00e1te z\u00e1jem o spole\u010dn\u00e9 stravov\u00e1n\u00ed, dejte n\u00e1m v\u011bd\u011bt (100\u2013150 K\u010d\/den = sn\u00eddan\u011b, ob\u011bd, ve\u010de\u0159e, sva\u010diny, pitn\u00fd re\u017eim). Lo\u017en\u00ed pr\u00e1dlo a ru\u010dn\u00edk je pot\u0159eba si p\u0159iv\u00e9zt, p\u0159\u00edpadn\u011b jsou k zap\u016fj\u010den\u00ed za 50 K\u010d.<\/p>\n\n\n\n<p>kontakt: Dana Feminov\u00e1, tel. 777 711 911, dana.feminova@gmail.com<br>P\u0159edem v\u00e1m moc d\u011bkujeme za va\u0161i \u00fa\u010dast v jak\u00e9koliv form\u011b a t\u011b\u0161\u00edme se na setk\u00e1n\u00ed s v\u00e1mi.<\/p>\n\n\n\n<p>PS: Pokud v\u00e1m uveden\u00fd term\u00edn nevyhovuje, nebo nem\u00e1te mo\u017enost \u00fa\u010dastnit se na\u0161ich akc\u00ed osobn\u011b a p\u0159esto c\u00edt\u00edte, \u017ee je v\u00e1m projekt Park\u016f sympatick\u00fd a cht\u011bli byste jej podpo\u0159it, uv\u00edt\u00e1me jakoukoliv finan\u010dn\u00ed podporu pro realizaci dal\u0161\u00edch krok\u016f rekonstrukce. \u010c\u00edslo \u00fa\u010dtu je 2500074734\/2010 a na ka\u017edou z darovan\u00fdch \u010d\u00e1stek m\u016f\u017eeme vystavit potvrzen\u00ed o p\u0159ijet\u00ed daru.<\/p>","protected":false},"excerpt":{"rendered":"<p>P\u0159idej se ke skv\u011bl\u00e9 part\u011b dobrovoln\u00edk\u016f, kte\u0159\u00ed vlastn\u00edma rukama tvo\u0159\u00ed kr\u00e1sn\u00e9 m\u00edsto na Vyso\u010din\u011b se spole\u010dn\u00fdm z\u00e1m\u011brem: umo\u017enit sob\u011b i ostatn\u00edm pro\u017e\u00edvat hlubok\u00e9 vnit\u0159n\u00ed zku\u0161enosti, kter\u00e9 mohou z\u00e1sadn\u011b zm\u011bnit kvalitu na\u0161eho ka\u017edodenn\u00edho \u017eivota. Toto l\u00e9to op\u011bt pokra\u010dujeme v rekonstrukci. Uv\u00edt\u00e1me jakoukoliv pomoc: \u0159emeslnou, zahradnickou, \u00faklid, va\u0159en\u00ed, atd. P\u0159ipojit se m\u016f\u017ee\u0161 na libovolnou dobu. Krom\u011b pr\u00e1ce [&hellip;]<\/p>","protected":false},"author":9,"featured_media":3343,"comment_status":"closed","ping_status":"open","sticky":false,"template":"","format":"standard","meta":[],"categories":[4],"tags":[],"_links":{"self":[{"href":"https:\/\/parkpravikov.cz\/en\/wp-json\/wp\/v2\/posts\/4417"}],"collection":[{"href":"https:\/\/parkpravikov.cz\/en\/wp-json\/wp\/v2\/posts"}],"about":[{"href":"https:\/\/parkpravikov.cz\/en\/wp-json\/wp\/v2\/types\/post"}],"author":[{"embeddable":true,"href":"https:\/\/parkpravikov.cz\/en\/wp-json\/wp\/v2\/users\/9"}],"replies":[{"embeddable":true,"href":"https:\/\/parkpravikov.cz\/en\/wp-json\/wp\/v2\/comments?post=4417"}],"version-history":[{"count":3,"href":"https:\/\/parkpravikov.cz\/en\/wp-json\/wp\/v2\/posts\/4417\/revisions"}],"predecessor-version":[{"id":4421,"href":"https:\/\/parkpravikov.cz\/en\/wp-json\/wp\/v2\/posts\/4417\/revisions\/4421"}],"wp:featuredmedia":[{"embeddable":true,"href":"https:\/\/parkpravikov.cz\/en\/wp-json\/wp\/v2\/media\/3343"}],"wp:attachment":[{"href":"https:\/\/parkpravikov.cz\/en\/wp-json\/wp\/v2\/media?parent=4417"}],"wp:term":[{"taxonomy":"category","embeddable":true,"href":"https:\/\/parkpravikov.cz\/en\/wp-json\/wp\/v2\/categories?post=4417"},{"taxonomy":"post_tag","embeddable":true,"href":"https:\/\/parkpravikov.cz\/en\/wp-json\/wp\/v2\/tags?post=4417"}],"curies":[{"name":"wp","href":"https:\/\/api.w.org\/{rel}","templated":true}]}}