{"id":4388,"date":"2022-03-02T16:41:50","date_gmt":"2022-03-02T16:41:50","guid":{"rendered":"http:\/\/parkpravikov.cz\/?p=4388"},"modified":"2022-09-26T20:36:19","modified_gmt":"2022-09-26T20:36:19","slug":"letni-pracovne-prozitkovy-tyden-pro-rodinky-s-detmi-22-29-7-2022","status":"publish","type":"post","link":"https:\/\/parkpravikov.cz\/en\/letni-pracovne-prozitkovy-tyden-pro-rodinky-s-detmi-22-29-7-2022\/","title":{"rendered":"Letn\u00ed pracovn\u011b pro\u017eitkov\u00fd t\u00fdden pro rodinky s d\u011btmi 22.-29.7.2022"},"content":{"rendered":"<p>Srde\u010dn\u011b v\u00e1s zveme na tradi\u010dn\u00ed pr\u00e1zdninov\u00fd t\u00fdden pro rodinky s d\u011btmi v Parku studi\u00ed a reflexe Prav\u00edkov na Vyso\u010din\u011b, kter\u00fd tentokr\u00e1t prob\u011bhne od p\u00e1tku 22.7. do p\u00e1tku 29.7. T\u011b\u0161\u00edme se na v\u00e1s!<\/p>\n\n\n\n<figure class=\"wp-block-image size-large\"><img loading=\"lazy\" width=\"1024\" height=\"768\" src=\"http:\/\/parkpravikov.cz\/wp-content\/uploads\/2022\/03\/50866022281_40a4067ac2_k-1024x768.jpg\" alt=\"\" class=\"wp-image-4389\" srcset=\"https:\/\/parkpravikov.cz\/wp-content\/uploads\/2022\/03\/50866022281_40a4067ac2_k-1024x768.jpg 1024w, https:\/\/parkpravikov.cz\/wp-content\/uploads\/2022\/03\/50866022281_40a4067ac2_k-300x225.jpg 300w, https:\/\/parkpravikov.cz\/wp-content\/uploads\/2022\/03\/50866022281_40a4067ac2_k-768x576.jpg 768w, https:\/\/parkpravikov.cz\/wp-content\/uploads\/2022\/03\/50866022281_40a4067ac2_k-1536x1152.jpg 1536w, https:\/\/parkpravikov.cz\/wp-content\/uploads\/2022\/03\/50866022281_40a4067ac2_k-16x12.jpg 16w, https:\/\/parkpravikov.cz\/wp-content\/uploads\/2022\/03\/50866022281_40a4067ac2_k.jpg 2048w\" sizes=\"(max-width: 1024px) 100vw, 1024px\" \/><\/figure>\n\n\n\n<p>Program: v\u00fdchova k nen\u00e1sil\u00ed, pozn\u00e1v\u00e1me sv\u011bt, artefiletika, pov\u00edd\u00e1nky, poh\u00e1dky, divadlo, t\u011blohr\u00e1tky, hudba, ob\u0159ad, ohe\u0148, hry, patl\u00e1me matl\u00e1me, zahradni\u010d\u00edme, stavebni\u010d\u00edme, atakd\u00e1l\u00edme\u2026<\/p>\n\n\n\n<p>P\u0159\u00edsp\u011bvek na provoz Parku je 150 K\u010d za den a noc. Spole\u010dn\u00e9 stravov\u00e1n\u00ed 100 K\u010d za den (sn\u00eddan\u011b, ob\u011bd, ve\u010de\u0159e, sva\u010diny).<\/p>\n\n\n\n<p><br>Kontakt: Daniela Cachov\u00e1, bedy.ns@seznam.cz, tel. 724 785 876.<\/p>\n\n\n\n<p>parkpravikov.cz<\/p>\n\n\n\n<!--more-->\n\n\n\n<figure class=\"wp-block-image\"><a href=\"\/en\/blog\/2012\/05\/16\/letni-pracovne-prozitkovy-tyden-pro-rodinky-s-detmi\/deti\/\" rel=\"attachment wp-att-1058\"><img src=\"\/wp-content\/uploads\/2012\/05\/d\u011bti-584x438.jpg\" alt=\"\" class=\"wp-image-1058\"\/><\/a><\/figure>","protected":false},"excerpt":{"rendered":"<p>Srde\u010dn\u011b v\u00e1s zveme na tradi\u010dn\u00ed pr\u00e1zdninov\u00fd t\u00fdden pro rodinky s d\u011btmi v Parku studi\u00ed a reflexe Prav\u00edkov na Vyso\u010din\u011b, kter\u00fd tentokr\u00e1t prob\u011bhne od p\u00e1tku 22.7. do p\u00e1tku 29.7. T\u011b\u0161\u00edme se na v\u00e1s! Program: v\u00fdchova k nen\u00e1sil\u00ed, pozn\u00e1v\u00e1me sv\u011bt, artefiletika, pov\u00edd\u00e1nky, poh\u00e1dky, divadlo, t\u011blohr\u00e1tky, hudba, ob\u0159ad, ohe\u0148, hry, patl\u00e1me matl\u00e1me, zahradni\u010d\u00edme, stavebni\u010d\u00edme, atakd\u00e1l\u00edme\u2026 P\u0159\u00edsp\u011bvek na provoz [&hellip;]<\/p>","protected":false},"author":9,"featured_media":4389,"comment_status":"open","ping_status":"closed","sticky":false,"template":"","format":"standard","meta":[],"categories":[4],"tags":[],"_links":{"self":[{"href":"https:\/\/parkpravikov.cz\/en\/wp-json\/wp\/v2\/posts\/4388"}],"collection":[{"href":"https:\/\/parkpravikov.cz\/en\/wp-json\/wp\/v2\/posts"}],"about":[{"href":"https:\/\/parkpravikov.cz\/en\/wp-json\/wp\/v2\/types\/post"}],"author":[{"embeddable":true,"href":"https:\/\/parkpravikov.cz\/en\/wp-json\/wp\/v2\/users\/9"}],"replies":[{"embeddable":true,"href":"https:\/\/parkpravikov.cz\/en\/wp-json\/wp\/v2\/comments?post=4388"}],"version-history":[{"count":2,"href":"https:\/\/parkpravikov.cz\/en\/wp-json\/wp\/v2\/posts\/4388\/revisions"}],"predecessor-version":[{"id":4395,"href":"https:\/\/parkpravikov.cz\/en\/wp-json\/wp\/v2\/posts\/4388\/revisions\/4395"}],"wp:featuredmedia":[{"embeddable":true,"href":"https:\/\/parkpravikov.cz\/en\/wp-json\/wp\/v2\/media\/4389"}],"wp:attachment":[{"href":"https:\/\/parkpravikov.cz\/en\/wp-json\/wp\/v2\/media?parent=4388"}],"wp:term":[{"taxonomy":"category","embeddable":true,"href":"https:\/\/parkpravikov.cz\/en\/wp-json\/wp\/v2\/categories?post=4388"},{"taxonomy":"post_tag","embeddable":true,"href":"https:\/\/parkpravikov.cz\/en\/wp-json\/wp\/v2\/tags?post=4388"}],"curies":[{"name":"wp","href":"https:\/\/api.w.org\/{rel}","templated":true}]}}