{"id":3739,"date":"2021-10-11T14:41:29","date_gmt":"2021-10-11T14:41:29","guid":{"rendered":"http:\/\/parkpravikov.cz\/?p=3739"},"modified":"2022-09-26T20:36:37","modified_gmt":"2022-09-26T20:36:37","slug":"zahradnicky-vikend-23-24-10-2021","status":"publish","type":"post","link":"https:\/\/parkpravikov.cz\/en\/zahradnicky-vikend-23-24-10-2021\/","title":{"rendered":"Zahradnick\u00fd v\u00edkend 23.-24.10.2021"},"content":{"rendered":"<figure class=\"wp-block-image size-large\"><img loading=\"lazy\" width=\"1024\" height=\"768\" src=\"http:\/\/parkpravikov.cz\/wp-content\/uploads\/2021\/10\/244997073_4753456991339569_8014288866821870837_n-1024x768.jpg\" alt=\"\" class=\"wp-image-3740\" srcset=\"https:\/\/parkpravikov.cz\/wp-content\/uploads\/2021\/10\/244997073_4753456991339569_8014288866821870837_n-1024x768.jpg 1024w, https:\/\/parkpravikov.cz\/wp-content\/uploads\/2021\/10\/244997073_4753456991339569_8014288866821870837_n-300x225.jpg 300w, https:\/\/parkpravikov.cz\/wp-content\/uploads\/2021\/10\/244997073_4753456991339569_8014288866821870837_n-768x576.jpg 768w, https:\/\/parkpravikov.cz\/wp-content\/uploads\/2021\/10\/244997073_4753456991339569_8014288866821870837_n-1536x1152.jpg 1536w, https:\/\/parkpravikov.cz\/wp-content\/uploads\/2021\/10\/244997073_4753456991339569_8014288866821870837_n-16x12.jpg 16w, https:\/\/parkpravikov.cz\/wp-content\/uploads\/2021\/10\/244997073_4753456991339569_8014288866821870837_n.jpg 2048w\" sizes=\"(max-width: 1024px) 100vw, 1024px\" \/><\/figure>\n\n\n\n<p>O v\u00edkendu 23.-24. \u0159\u00edjna 2021 prob\u011bhne v Parku studi\u00ed a reflexe Prav\u00edkov tradi\u010dn\u00ed zahradnick\u00fd v\u00edkend, op\u011bt i s podporou profesion\u00e1ln\u00ed zahradnice Zuzky Bla\u017ekov\u00e9.<\/p>\n\n\n\n<p>Tvo\u0159en\u00ed zahrady Parku, kter\u00fd je m\u00edstem pro hlubokou vnit\u0159n\u00ed inspiraci a reflexi, je mo\u017enost\u00ed, jak na\u010derpat pozitivn\u00ed energii na \u010derstv\u00e9m vzduchu, rozh\u00fdbat t\u011blo, ud\u011blat n\u011bco smyslupln\u00e9ho a je\u0161t\u011b se inspirovat! Na programu je pr\u00e1ce na zahrad\u011b, spole\u010dn\u00e1 \u017e\u00e1dost o probuzen\u00ed toho nejlep\u0161\u00edho v n\u00e1s i kolem n\u00e1s i kr\u00e1tk\u00e1, ale intenzivn\u00ed meditace a pr\u00e1ce s vnit\u0159n\u00ed energi\u00ed.\u00a0<\/p>\n\n\n\n<p>V\u00edkendov\u00e9 zahradni\u010den\u00ed prob\u011bhne v r\u00e1mci rekonstrukce Centra studi\u00ed a bude mo\u017enost se p\u0159ipojit i k n\u011bjak\u00fdm pracem uvnit\u0159.<\/p>\n\n\n\n<p>Uv\u00edt\u00e1me jak\u00e9koliv zahradn\u00ed p\u0159ebytky (kv\u011btiny \u2013 ide\u00e1ln\u011b trvalky, ke\u0159e, stromky), kter\u00e9 lze p\u0159iv\u00e9zt osobn\u011b na v\u00edkend. Pokud jet nepl\u00e1nujete a p\u0159ebytky byste r\u00e1di darovali, dejte n\u00e1m v\u011bd\u011bt a my se pro n\u011b r\u00e1di zastav\u00edme.Krom\u011b rostlin uv\u00edt\u00e1me i jak\u00e9koliv zahradnick\u00e9 n\u00e1\u010din\u00ed \u2013 takov\u00e9, se kter\u00fdm se v\u00e1m\/n\u00e1m bude dob\u0159e pracovat.<\/p>\n\n\n\n<p>P\u0159esp\u00e1n\u00ed v Parku je nutn\u00e9 z d\u016fvodu kapacity zarezervovat p\u0159edem. Pobyt a span\u00ed v Parku je b\u011bhem pracovn\u00edch akc\u00ed zdarma. Pokud m\u00e1te z\u00e1jem o spole\u010dn\u00e9 stravov\u00e1n\u00ed, dejte n\u00e1m v\u011bd\u011bt (100\u2013150 K\u010d\/den = sn\u00eddan\u011b, ob\u011bd, ve\u010de\u0159e, sva\u010diny, pitn\u00fd re\u017eim). Lo\u017en\u00ed pr\u00e1dlo a ru\u010dn\u00edk je pot\u0159eba si p\u0159iv\u00e9zt, p\u0159\u00edpadn\u011b jsou k zap\u016fj\u010den\u00ed za 50 K\u010d.<\/p>\n\n\n\n<p>Rezervace a bli\u017e\u0161\u00ed informace: Daniela Cachov\u00e1 (bedy.ns@seznam.cz, 724 785 876)<\/p>","protected":false},"excerpt":{"rendered":"<p>O v\u00edkendu 23.-24. \u0159\u00edjna 2021 prob\u011bhne v Parku studi\u00ed a reflexe Prav\u00edkov tradi\u010dn\u00ed zahradnick\u00fd v\u00edkend, op\u011bt i s podporou profesion\u00e1ln\u00ed zahradnice Zuzky Bla\u017ekov\u00e9. Tvo\u0159en\u00ed zahrady Parku, kter\u00fd je m\u00edstem pro hlubokou vnit\u0159n\u00ed inspiraci a reflexi, je mo\u017enost\u00ed, jak na\u010derpat pozitivn\u00ed energii na \u010derstv\u00e9m vzduchu, rozh\u00fdbat t\u011blo, ud\u011blat n\u011bco smyslupln\u00e9ho a je\u0161t\u011b se inspirovat! Na programu [&hellip;]<\/p>","protected":false},"author":9,"featured_media":3740,"comment_status":"closed","ping_status":"open","sticky":false,"template":"","format":"standard","meta":[],"categories":[4],"tags":[],"_links":{"self":[{"href":"https:\/\/parkpravikov.cz\/en\/wp-json\/wp\/v2\/posts\/3739"}],"collection":[{"href":"https:\/\/parkpravikov.cz\/en\/wp-json\/wp\/v2\/posts"}],"about":[{"href":"https:\/\/parkpravikov.cz\/en\/wp-json\/wp\/v2\/types\/post"}],"author":[{"embeddable":true,"href":"https:\/\/parkpravikov.cz\/en\/wp-json\/wp\/v2\/users\/9"}],"replies":[{"embeddable":true,"href":"https:\/\/parkpravikov.cz\/en\/wp-json\/wp\/v2\/comments?post=3739"}],"version-history":[{"count":3,"href":"https:\/\/parkpravikov.cz\/en\/wp-json\/wp\/v2\/posts\/3739\/revisions"}],"predecessor-version":[{"id":3748,"href":"https:\/\/parkpravikov.cz\/en\/wp-json\/wp\/v2\/posts\/3739\/revisions\/3748"}],"wp:featuredmedia":[{"embeddable":true,"href":"https:\/\/parkpravikov.cz\/en\/wp-json\/wp\/v2\/media\/3740"}],"wp:attachment":[{"href":"https:\/\/parkpravikov.cz\/en\/wp-json\/wp\/v2\/media?parent=3739"}],"wp:term":[{"taxonomy":"category","embeddable":true,"href":"https:\/\/parkpravikov.cz\/en\/wp-json\/wp\/v2\/categories?post=3739"},{"taxonomy":"post_tag","embeddable":true,"href":"https:\/\/parkpravikov.cz\/en\/wp-json\/wp\/v2\/tags?post=3739"}],"curies":[{"name":"wp","href":"https:\/\/api.w.org\/{rel}","templated":true}]}}