{"id":2561,"date":"2019-11-22T22:44:27","date_gmt":"2019-11-22T21:44:27","guid":{"rendered":"\/?p=2561"},"modified":"2020-03-10T00:55:13","modified_gmt":"2020-03-09T23:55:13","slug":"psychofyzika","status":"publish","type":"post","link":"https:\/\/parkpravikov.cz\/en\/psychofyzika\/","title":{"rendered":"Workshop Psychofyzick\u00fdch cvi\u010den\u00ed"},"content":{"rendered":"<p dir=\"ltr\"><a href=\"\/wp-content\/uploads\/2020\/01\/cervenec-3.jpg\"><img loading=\"lazy\" class=\"alignright  wp-image-2578\" src=\"\/wp-content\/uploads\/2020\/01\/cervenec-3-584x389.jpg\" alt=\"\" width=\"286\" height=\"190\" \/><\/a><\/p>\n<p dir=\"ltr\">O v\u00edkendu <strong>7. &#8211; 8.3.2020<\/strong> prob\u011bhne v Parku studi\u00ed a reflexe praktick\u00fd semin\u00e1\u0159 Psychofyzick\u00fdch cvi\u010den\u00ed, kter\u00fd je otev\u0159en v\u0161em z\u00e1jemc\u016fm o osobn\u00ed rozvoj. Jednoduch\u00e1, zpravidla skupinov\u00e1 cvi\u010den\u00ed, aktivuj\u00edc\u00ed vegetativn\u00ed, motorick\u00e9, emotivn\u00ed a rozumov\u00e9 centrum spolu se cvi\u010den\u00edmi na zlep\u0161en\u00ed pozornosti, mohou praktikuj\u00edc\u00edmu usnadnit n\u00e1sleduj\u00edc\u00ed cestu k dosa\u017een\u00ed vy\u0161\u0161\u00edch \u00farovn\u00ed duchovn\u00edho rozvoje.<\/p>\n<p dir=\"ltr\"><!--more-->Workshop je zdarma, \u00fa\u010dastn\u00edci hrad\u00ed pouze n\u00e1klady na ubytov\u00e1n\u00ed, stravu a dopravu.<\/p>\n<p>Pro registraci na tento v\u00edkend, pros\u00edm vypl\u0148te <a href=\"https:\/\/forms.gle\/po4PRqV1BDvd47yg9\">n\u00e1sleduj\u00edc\u00ed formul\u00e1\u0159<\/a><strong> nejpozd\u011bji do 1.3.2020.<\/strong> S ohledem na zaji\u0161t\u011bn\u00ed ubytov\u00e1n\u00ed pro v\u0161echny \u00fa\u010dastn\u00edky v\u00e1s \u017e\u00e1d\u00e1me o v\u010dasnou registraci.<\/p>\n<p><a href=\"https:\/\/forms.gle\/po4PRqV1BDvd47yg9?fbclid=IwAR1xIx12ZlwLwABLLeIkAUwHBcszx5We_JP4TGIWUhZwxUABPoW5xO3gPX8\" rel=\"nofollow noopener\" target=\"_blank\">https:\/\/forms.gle\/po4PRqV1BDvd47yg9<\/a><\/p>\n<p><em>Workshop se kon\u00e1 v r\u00e1mci podpory procesu Discipl\u00edn, kter\u00fd bude otev\u0159en z\u00e1jemc\u016fm o hlub\u0161\u00ed duchovn\u00ed rozvoj od 4.4.2020 do 10.10.2021. V\u00edce informac\u00ed o cel\u00e9m procesu naleznete zde: <a href=\"https:\/\/parkpravikov.cz\/en\/discipliny\/\">\/discipliny\/<\/a><\/em><\/p>","protected":false},"excerpt":{"rendered":"<p>O v\u00edkendu 7. &#8211; 8.3.2020 prob\u011bhne v Parku studi\u00ed a reflexe praktick\u00fd semin\u00e1\u0159 Psychofyzick\u00fdch cvi\u010den\u00ed, kter\u00fd je otev\u0159en v\u0161em z\u00e1jemc\u016fm o osobn\u00ed rozvoj. Jednoduch\u00e1, zpravidla skupinov\u00e1 cvi\u010den\u00ed, aktivuj\u00edc\u00ed vegetativn\u00ed, motorick\u00e9, emotivn\u00ed a rozumov\u00e9 centrum spolu se cvi\u010den\u00edmi na zlep\u0161en\u00ed pozornosti, mohou praktikuj\u00edc\u00edmu usnadnit n\u00e1sleduj\u00edc\u00ed cestu k dosa\u017een\u00ed vy\u0161\u0161\u00edch \u00farovn\u00ed duchovn\u00edho rozvoje.<\/p>","protected":false},"author":30,"featured_media":0,"comment_status":"closed","ping_status":"closed","sticky":false,"template":"","format":"standard","meta":[],"categories":[],"tags":[],"_links":{"self":[{"href":"https:\/\/parkpravikov.cz\/en\/wp-json\/wp\/v2\/posts\/2561"}],"collection":[{"href":"https:\/\/parkpravikov.cz\/en\/wp-json\/wp\/v2\/posts"}],"about":[{"href":"https:\/\/parkpravikov.cz\/en\/wp-json\/wp\/v2\/types\/post"}],"author":[{"embeddable":true,"href":"https:\/\/parkpravikov.cz\/en\/wp-json\/wp\/v2\/users\/30"}],"replies":[{"embeddable":true,"href":"https:\/\/parkpravikov.cz\/en\/wp-json\/wp\/v2\/comments?post=2561"}],"version-history":[{"count":7,"href":"https:\/\/parkpravikov.cz\/en\/wp-json\/wp\/v2\/posts\/2561\/revisions"}],"predecessor-version":[{"id":2607,"href":"https:\/\/parkpravikov.cz\/en\/wp-json\/wp\/v2\/posts\/2561\/revisions\/2607"}],"wp:attachment":[{"href":"https:\/\/parkpravikov.cz\/en\/wp-json\/wp\/v2\/media?parent=2561"}],"wp:term":[{"taxonomy":"category","embeddable":true,"href":"https:\/\/parkpravikov.cz\/en\/wp-json\/wp\/v2\/categories?post=2561"},{"taxonomy":"post_tag","embeddable":true,"href":"https:\/\/parkpravikov.cz\/en\/wp-json\/wp\/v2\/tags?post=2561"}],"curies":[{"name":"wp","href":"https:\/\/api.w.org\/{rel}","templated":true}]}}