{"id":2365,"date":"2018-12-10T16:22:08","date_gmt":"2018-12-10T15:22:08","guid":{"rendered":"\/?p=2365"},"modified":"2018-12-10T16:30:10","modified_gmt":"2018-12-10T15:30:10","slug":"spolecna-zadost-za-hlubokou-zmenu-do-roku-2019","status":"publish","type":"post","link":"https:\/\/parkpravikov.cz\/en\/spolecna-zadost-za-hlubokou-zmenu-do-roku-2019\/","title":{"rendered":"Spole\u010dn\u00e1 \u017e\u00e1dost za hlubokou zm\u011bnu do roku 2019"},"content":{"rendered":"<p><a href=\"\/wp-content\/uploads\/2018\/12\/WhatsApp-Image-2018-12-09-at-19.24.25.jpeg\"><img loading=\"lazy\" class=\"alignleft size-large wp-image-2366\" src=\"\/wp-content\/uploads\/2018\/12\/WhatsApp-Image-2018-12-09-at-19.24.25-584x292.jpg\" alt=\"\" width=\"584\" height=\"292\" \/><\/a><\/p>\n<p>Srde\u010dn\u011b v\u00e1s zveme na velkou spole\u010dnou \u017e\u00e1dost do roku 2019, kter\u00e1 prob\u011bhne v Parku studi\u00ed a reflexe Prav\u00edkov<strong>\u00a0v sobotu 5. ledna 2019 ve 14 hodin<\/strong>. S\u00edla na\u0161ich nejlep\u0161\u00edch p\u0159\u00e1n\u00ed spojen\u00fdch dohromady dok\u00e1\u017ee z\u00e1zraky\u2026<\/p>\n<p>V dne\u0161n\u00edm sv\u011bt\u011b velk\u00fdch ot\u0159es\u016f bez jasn\u00e9 budoucnosti, c\u00edt\u00edme silnou pot\u0159ebu hlubok\u00e9 pozitivn\u00ed zm\u011bny ve sv\u011bt\u011b. Proto spole\u010dn\u011b, z hloubky na\u0161eho nitra, po\u017e\u00e1d\u00e1me o inspiraci, o s\u00edlu, o vnit\u0159n\u00ed klid, aby se ta nejlep\u0161\u00ed p\u0159\u00e1n\u00ed uvnit\u0159 n\u00e1s mohla projevit, pomohla n\u00e1m, na\u0161im bl\u00edzk\u00fdm i vzd\u00e1len\u00fdm a mohly se otev\u0159\u00edt nov\u00e9 horizonty.<\/p>","protected":false},"excerpt":{"rendered":"<p>Srde\u010dn\u011b v\u00e1s zveme na velkou spole\u010dnou \u017e\u00e1dost do roku 2019, kter\u00e1 prob\u011bhne v Parku studi\u00ed a reflexe Prav\u00edkov\u00a0v sobotu 5. ledna 2019 ve 14 hodin. S\u00edla na\u0161ich nejlep\u0161\u00edch p\u0159\u00e1n\u00ed spojen\u00fdch dohromady dok\u00e1\u017ee z\u00e1zraky\u2026 V dne\u0161n\u00edm sv\u011bt\u011b velk\u00fdch ot\u0159es\u016f bez jasn\u00e9 budoucnosti, c\u00edt\u00edme silnou pot\u0159ebu hlubok\u00e9 pozitivn\u00ed zm\u011bny ve sv\u011bt\u011b. Proto spole\u010dn\u011b, z hloubky na\u0161eho nitra, [&hellip;]<\/p>","protected":false},"author":30,"featured_media":2366,"comment_status":"closed","ping_status":"closed","sticky":false,"template":"","format":"standard","meta":[],"categories":[5,6],"tags":[],"_links":{"self":[{"href":"https:\/\/parkpravikov.cz\/en\/wp-json\/wp\/v2\/posts\/2365"}],"collection":[{"href":"https:\/\/parkpravikov.cz\/en\/wp-json\/wp\/v2\/posts"}],"about":[{"href":"https:\/\/parkpravikov.cz\/en\/wp-json\/wp\/v2\/types\/post"}],"author":[{"embeddable":true,"href":"https:\/\/parkpravikov.cz\/en\/wp-json\/wp\/v2\/users\/30"}],"replies":[{"embeddable":true,"href":"https:\/\/parkpravikov.cz\/en\/wp-json\/wp\/v2\/comments?post=2365"}],"version-history":[{"count":3,"href":"https:\/\/parkpravikov.cz\/en\/wp-json\/wp\/v2\/posts\/2365\/revisions"}],"predecessor-version":[{"id":2368,"href":"https:\/\/parkpravikov.cz\/en\/wp-json\/wp\/v2\/posts\/2365\/revisions\/2368"}],"wp:featuredmedia":[{"embeddable":true,"href":"https:\/\/parkpravikov.cz\/en\/wp-json\/wp\/v2\/media\/2366"}],"wp:attachment":[{"href":"https:\/\/parkpravikov.cz\/en\/wp-json\/wp\/v2\/media?parent=2365"}],"wp:term":[{"taxonomy":"category","embeddable":true,"href":"https:\/\/parkpravikov.cz\/en\/wp-json\/wp\/v2\/categories?post=2365"},{"taxonomy":"post_tag","embeddable":true,"href":"https:\/\/parkpravikov.cz\/en\/wp-json\/wp\/v2\/tags?post=2365"}],"curies":[{"name":"wp","href":"https:\/\/api.w.org\/{rel}","templated":true}]}}