{"id":2264,"date":"2017-03-22T21:32:46","date_gmt":"2017-03-22T20:32:46","guid":{"rendered":"\/?p=2264"},"modified":"2017-03-22T21:32:46","modified_gmt":"2017-03-22T20:32:46","slug":"prozitkovy-letni-tyden-pro-rodice-a-deti","status":"publish","type":"post","link":"https:\/\/parkpravikov.cz\/en\/prozitkovy-letni-tyden-pro-rodice-a-deti\/","title":{"rendered":"Pro\u017eitkov\u00fd letn\u00ed t\u00fdden pro rodi\u010de a d\u011bti"},"content":{"rendered":"<p>Kdy: 31. 7. &#8211; 6. 8. 2017<br \/>\nKontakt: Simona He\u0159tusov\u00e1 (<a href=\"mailto:simona.hertusova@adopceafrika.cz\">simona.hertusova@adopceafrika.cz<\/a>, 608 301 270)<br \/>\nPo\u0159\u00e1d\u00e1: Komunita pro lidsk\u00fd rozvoj (<a href=\"http:\/\/www.komunita.org\/\">www.komunita.org<\/a>)<\/p>\n<p>Bli\u017e\u0161\u00ed informace v\u010das dopln\u00edme \ud83d\ude09<\/p>","protected":false},"excerpt":{"rendered":"<p>Kdy: 31. 7. &#8211; 6. 8. 2017 Kontakt: Simona He\u0159tusov\u00e1 (simona.hertusova@adopceafrika.cz, 608 301 270) Po\u0159\u00e1d\u00e1: Komunita pro lidsk\u00fd rozvoj (www.komunita.org) Bli\u017e\u0161\u00ed informace v\u010das dopln\u00edme \ud83d\ude09<\/p>","protected":false},"author":25,"featured_media":0,"comment_status":"closed","ping_status":"closed","sticky":false,"template":"","format":"standard","meta":[],"categories":[6,4],"tags":[],"_links":{"self":[{"href":"https:\/\/parkpravikov.cz\/en\/wp-json\/wp\/v2\/posts\/2264"}],"collection":[{"href":"https:\/\/parkpravikov.cz\/en\/wp-json\/wp\/v2\/posts"}],"about":[{"href":"https:\/\/parkpravikov.cz\/en\/wp-json\/wp\/v2\/types\/post"}],"author":[{"embeddable":true,"href":"https:\/\/parkpravikov.cz\/en\/wp-json\/wp\/v2\/users\/25"}],"replies":[{"embeddable":true,"href":"https:\/\/parkpravikov.cz\/en\/wp-json\/wp\/v2\/comments?post=2264"}],"version-history":[{"count":2,"href":"https:\/\/parkpravikov.cz\/en\/wp-json\/wp\/v2\/posts\/2264\/revisions"}],"predecessor-version":[{"id":2395,"href":"https:\/\/parkpravikov.cz\/en\/wp-json\/wp\/v2\/posts\/2264\/revisions\/2395"}],"wp:attachment":[{"href":"https:\/\/parkpravikov.cz\/en\/wp-json\/wp\/v2\/media?parent=2264"}],"wp:term":[{"taxonomy":"category","embeddable":true,"href":"https:\/\/parkpravikov.cz\/en\/wp-json\/wp\/v2\/categories?post=2264"},{"taxonomy":"post_tag","embeddable":true,"href":"https:\/\/parkpravikov.cz\/en\/wp-json\/wp\/v2\/tags?post=2264"}],"curies":[{"name":"wp","href":"https:\/\/api.w.org\/{rel}","templated":true}]}}