{"id":2157,"date":"2016-01-04T18:31:29","date_gmt":"2016-01-04T17:31:29","guid":{"rendered":"\/?p=2157"},"modified":"2016-01-04T18:31:29","modified_gmt":"2016-01-04T17:31:29","slug":"otevreny-vikend-v-parku-2","status":"publish","type":"post","link":"https:\/\/parkpravikov.cz\/en\/otevreny-vikend-v-parku-2\/","title":{"rendered":"Otev\u0159en\u00fd v\u00edkend v Parku"},"content":{"rendered":"<p>Otev\u0159en\u00fd v\u00edkend v Parku studi\u00ed a reflexe Prav\u00edkov v\u011bnovan\u00fd studiu, reflexi, meditaci, zku\u0161enostem a relaxaci&#8230;<\/p>\n<p>Kontakt: Petra Duhajsk\u00e1 (724 595 639, peta.duhajska@gmail.com).<\/p>","protected":false},"excerpt":{"rendered":"<p>Otev\u0159en\u00fd v\u00edkend v Parku studi\u00ed a reflexe Prav\u00edkov v\u011bnovan\u00fd studiu, reflexi, meditaci, zku\u0161enostem a relaxaci&#8230; Kontakt: Petra Duhajsk\u00e1 (724 595 639, peta.duhajska@gmail.com).<\/p>","protected":false},"author":25,"featured_media":0,"comment_status":"closed","ping_status":"closed","sticky":false,"template":"","format":"standard","meta":[],"categories":[5],"tags":[],"_links":{"self":[{"href":"https:\/\/parkpravikov.cz\/en\/wp-json\/wp\/v2\/posts\/2157"}],"collection":[{"href":"https:\/\/parkpravikov.cz\/en\/wp-json\/wp\/v2\/posts"}],"about":[{"href":"https:\/\/parkpravikov.cz\/en\/wp-json\/wp\/v2\/types\/post"}],"author":[{"embeddable":true,"href":"https:\/\/parkpravikov.cz\/en\/wp-json\/wp\/v2\/users\/25"}],"replies":[{"embeddable":true,"href":"https:\/\/parkpravikov.cz\/en\/wp-json\/wp\/v2\/comments?post=2157"}],"version-history":[{"count":1,"href":"https:\/\/parkpravikov.cz\/en\/wp-json\/wp\/v2\/posts\/2157\/revisions"}],"predecessor-version":[{"id":2158,"href":"https:\/\/parkpravikov.cz\/en\/wp-json\/wp\/v2\/posts\/2157\/revisions\/2158"}],"wp:attachment":[{"href":"https:\/\/parkpravikov.cz\/en\/wp-json\/wp\/v2\/media?parent=2157"}],"wp:term":[{"taxonomy":"category","embeddable":true,"href":"https:\/\/parkpravikov.cz\/en\/wp-json\/wp\/v2\/categories?post=2157"},{"taxonomy":"post_tag","embeddable":true,"href":"https:\/\/parkpravikov.cz\/en\/wp-json\/wp\/v2\/tags?post=2157"}],"curies":[{"name":"wp","href":"https:\/\/api.w.org\/{rel}","templated":true}]}}