{"id":2113,"date":"2015-09-07T22:19:49","date_gmt":"2015-09-07T20:19:49","guid":{"rendered":"\/?p=2113"},"modified":"2015-09-07T22:19:49","modified_gmt":"2015-09-07T20:19:49","slug":"oslava-podzimni-rovnodennosti","status":"publish","type":"post","link":"https:\/\/parkpravikov.cz\/en\/oslava-podzimni-rovnodennosti\/","title":{"rendered":"Oslava podzimn\u00ed rovnodennosti"},"content":{"rendered":"<p>V sobotu 19. z\u00e1\u0159\u00ed prob\u011bhne <a href=\"\/en\/blog\/2015\/09\/07\/pout-spiritualni-inspirace\/\">Pou\u0165 spiritu\u00e1ln\u00ed inspirace z Pelh\u0159imova do Parku studi\u00ed a reflexe Prav\u00edkov<\/a>. V ned\u011bli pak bude p\u0159\u00edle\u017eitost p\u0159iv\u00edtat p\u0159\u00edchod podzimu a str\u00e1vit p\u0159\u00edjemn\u00fd den v Parku.<\/p>\n<p>Kontakt: Petra Duhajsk\u00e1 (724 595 639, peta.duhajska@gmail.com)<\/p>","protected":false},"excerpt":{"rendered":"<p>V sobotu 19. z\u00e1\u0159\u00ed prob\u011bhne Pou\u0165 spiritu\u00e1ln\u00ed inspirace z Pelh\u0159imova do Parku studi\u00ed a reflexe Prav\u00edkov. V ned\u011bli pak bude p\u0159\u00edle\u017eitost p\u0159iv\u00edtat p\u0159\u00edchod podzimu a str\u00e1vit p\u0159\u00edjemn\u00fd den v Parku. Kontakt: Petra Duhajsk\u00e1 (724 595 639, peta.duhajska@gmail.com)<\/p>","protected":false},"author":25,"featured_media":0,"comment_status":"closed","ping_status":"closed","sticky":false,"template":"","format":"standard","meta":[],"categories":[6,4],"tags":[],"_links":{"self":[{"href":"https:\/\/parkpravikov.cz\/en\/wp-json\/wp\/v2\/posts\/2113"}],"collection":[{"href":"https:\/\/parkpravikov.cz\/en\/wp-json\/wp\/v2\/posts"}],"about":[{"href":"https:\/\/parkpravikov.cz\/en\/wp-json\/wp\/v2\/types\/post"}],"author":[{"embeddable":true,"href":"https:\/\/parkpravikov.cz\/en\/wp-json\/wp\/v2\/users\/25"}],"replies":[{"embeddable":true,"href":"https:\/\/parkpravikov.cz\/en\/wp-json\/wp\/v2\/comments?post=2113"}],"version-history":[{"count":1,"href":"https:\/\/parkpravikov.cz\/en\/wp-json\/wp\/v2\/posts\/2113\/revisions"}],"predecessor-version":[{"id":2115,"href":"https:\/\/parkpravikov.cz\/en\/wp-json\/wp\/v2\/posts\/2113\/revisions\/2115"}],"wp:attachment":[{"href":"https:\/\/parkpravikov.cz\/en\/wp-json\/wp\/v2\/media?parent=2113"}],"wp:term":[{"taxonomy":"category","embeddable":true,"href":"https:\/\/parkpravikov.cz\/en\/wp-json\/wp\/v2\/categories?post=2113"},{"taxonomy":"post_tag","embeddable":true,"href":"https:\/\/parkpravikov.cz\/en\/wp-json\/wp\/v2\/tags?post=2113"}],"curies":[{"name":"wp","href":"https:\/\/api.w.org\/{rel}","templated":true}]}}