{"id":2110,"date":"2015-09-07T22:16:43","date_gmt":"2015-09-07T20:16:43","guid":{"rendered":"\/?p=2110"},"modified":"2015-09-18T13:03:05","modified_gmt":"2015-09-18T11:03:05","slug":"pout-spiritualni-inspirace","status":"publish","type":"post","link":"https:\/\/parkpravikov.cz\/en\/pout-spiritualni-inspirace\/","title":{"rendered":"Pou\u0165 spiritu\u00e1ln\u00ed inspirace"},"content":{"rendered":"<p><a href=\"\/wp-content\/uploads\/2015\/09\/pozvanka.jpg\"><img loading=\"lazy\" class=\"alignnone size-large wp-image-2111\" src=\"\/wp-content\/uploads\/2015\/09\/pozvanka-584x825.jpg\" alt=\"\" width=\"584\" height=\"825\" \/><\/a><!--more--><\/p>\n<p><strong>POU\u0164 SPIRITU\u00c1LN\u00cd INSPIRACE<\/strong><\/p>\n<p>Sobota 19. z\u00e1\u0159\u00ed 2015<\/p>\n<p>Spole\u010dn\u00e1 cesta hled\u00e1n\u00ed vnit\u0159n\u00edho m\u00edru a v\u00edry v to nejlep\u0161\u00ed v sob\u011b i v ostatn\u00edch.<\/p>\n<p><em>\u201eP\u0159eru\u0161it na okam\u017eik to, co se ve tv\u00e9m \u017eivot\u011b d\u011bje, sta\u010d\u00ed k tomu, aby ses spojil se sv\u00fdm nitrem a aby se tv\u00e9 pocity a my\u0161lenky vyjasnily.\u201c &#8211; Silo<\/em><\/p>\n<p>Sejdeme se v 11:00 u ka\u0161ny na Masarykov\u011b n\u00e1m\u011bst\u00ed v Pelh\u0159imov\u011b. D\u00e9lka pouti je asi 17 km.<\/p>\n<p>Pou\u0165 bude zakon\u010dena spole\u010dnou \u017d\u00e1dost\u00ed v Parku studi\u00ed a reflexe Prav\u00edkov. Program v Parku bude pokra\u010dovat i v ned\u011bli, kdy spole\u010dn\u011b oslav\u00edme podzimn\u00ed rovnodennost.<\/p>\n<p>V Parku je k dispozici 10 m\u00edst k p\u0159esp\u00e1n\u00ed. Lze p\u0159espat tak\u00e9 venku ve vlastn\u00edch stanech. P\u0159\u00edsp\u011bvek na provoz Parku je 100 K\u010d\/noc (50 K\u010d\/noc ve stanu), 50 K\u010d\/den. Stravov\u00e1n\u00ed je mo\u017en\u00e9 zajistit spole\u010dn\u00e9 za 100 K\u010d na den.<\/p>\n<p>\u00da\u010dast na pouti nen\u00ed nutn\u00e9 p\u0159edem potvrzovat, postel v Parku je pot\u0159eba rezervovat.<\/p>\n<p>V p\u0159\u00edpad\u011b pot\u0159eby dopravy z Prav\u00edkova zp\u011bt do Pelh\u0159imova n\u00e1s kontaktujte.<\/p>\n<p>Bli\u017e\u0161\u00ed informace: Petra Duhajsk\u00e1 (724 595 639, peta.duhajska@gmail.com).<\/p>","protected":false},"excerpt":{"rendered":"","protected":false},"author":25,"featured_media":0,"comment_status":"closed","ping_status":"closed","sticky":false,"template":"","format":"standard","meta":[],"categories":[6,4],"tags":[],"_links":{"self":[{"href":"https:\/\/parkpravikov.cz\/en\/wp-json\/wp\/v2\/posts\/2110"}],"collection":[{"href":"https:\/\/parkpravikov.cz\/en\/wp-json\/wp\/v2\/posts"}],"about":[{"href":"https:\/\/parkpravikov.cz\/en\/wp-json\/wp\/v2\/types\/post"}],"author":[{"embeddable":true,"href":"https:\/\/parkpravikov.cz\/en\/wp-json\/wp\/v2\/users\/25"}],"replies":[{"embeddable":true,"href":"https:\/\/parkpravikov.cz\/en\/wp-json\/wp\/v2\/comments?post=2110"}],"version-history":[{"count":6,"href":"https:\/\/parkpravikov.cz\/en\/wp-json\/wp\/v2\/posts\/2110\/revisions"}],"predecessor-version":[{"id":2114,"href":"https:\/\/parkpravikov.cz\/en\/wp-json\/wp\/v2\/posts\/2110\/revisions\/2114"}],"wp:attachment":[{"href":"https:\/\/parkpravikov.cz\/en\/wp-json\/wp\/v2\/media?parent=2110"}],"wp:term":[{"taxonomy":"category","embeddable":true,"href":"https:\/\/parkpravikov.cz\/en\/wp-json\/wp\/v2\/categories?post=2110"},{"taxonomy":"post_tag","embeddable":true,"href":"https:\/\/parkpravikov.cz\/en\/wp-json\/wp\/v2\/tags?post=2110"}],"curies":[{"name":"wp","href":"https:\/\/api.w.org\/{rel}","templated":true}]}}