{"id":2091,"date":"2015-07-01T22:46:16","date_gmt":"2015-07-01T20:46:16","guid":{"rendered":"\/?p=2091"},"modified":"2015-07-02T00:03:49","modified_gmt":"2015-07-01T22:03:49","slug":"vikend-v-parku-s-vypalovanim-v-peci-na-keramiku","status":"publish","type":"post","link":"https:\/\/parkpravikov.cz\/en\/vikend-v-parku-s-vypalovanim-v-peci-na-keramiku\/","title":{"rendered":"V\u00edkend v Parku s vypalov\u00e1n\u00edm v peci na keramiku"},"content":{"rendered":"<p><a href=\"\/wp-content\/uploads\/2015\/07\/P9220682.jpg\"><img loading=\"lazy\" class=\"alignleft size-thumbnail wp-image-2093\" src=\"\/wp-content\/uploads\/2015\/07\/P9220682-150x112.jpg\" alt=\"\" width=\"150\" height=\"112\" \/><\/a>Sobota 4.7. a\u017e pond\u011bl\u00ed 6.7. &#8211; spole\u010dn\u00fd v\u00edkend v Parku v\u011bnovan\u00fd p\u0159edev\u0161\u00edm vypalov\u00e1n\u00ed keramiky v dvoukomorov\u00e9 peci (viz fotky). V peci, postaven\u00e9 pouze z hl\u00edny, p\u00edsku a tr\u00e1vy, lze dos\u00e1hnout teploty a\u017e cca 1300\u00b0C.<\/p>\n<p><em>Historie ohn\u011b je pevn\u011b spjata s histori\u00ed a rozvojem \u010dlov\u011bka, s duchovnost\u00ed, p\u0159edstavou vesm\u00edru, s psychologi\u00ed i se spole\u010densk\u00fdm a technologick\u00fdm v\u00fdvojem. Jeho intuice i pozorov\u00e1n\u00ed, pr\u00e1ce trvaj\u00edc\u00ed tis\u00edce let, to v\u0161e co vedlo k t\u011bm nejd\u016fle\u017eit\u011bj\u0161\u00edm pokrok\u016fm &#8211; od uchov\u00e1n\u00ed ohn\u011b a\u017e po jeho vytv\u00e1\u0159en\u00ed, pozn\u00e1v\u00e1n\u00ed jak zvy\u0161ovat teplotu d\u00edky pec\u00edm a jeho pou\u017eit\u00ed k v\u00fdrob\u011b r\u016fzn\u00fdch p\u0159edm\u011bt\u016f\u2026to nejsou jen vn\u011bj\u0161\u00ed miln\u00edky, jsou to projevy vnit\u0159n\u00edch proces\u016f, vztah\u016f a nov\u00fdch pochopen\u00ed uvnit\u0159 \u010dlov\u011bka. Pr\u00e1ce s ohn\u011bm, pecemi, pr\u00e1ce spojen\u00e9 s p\u0159em\u011bnou hmoty jsou zp\u016fsobem, jak se p\u0159ibl\u00ed\u017eit tomuto historick\u00e9mu procesu.<\/em><!--more--><\/p>\n<p><a href=\"https:\/\/parkpravikov.cz\/en\/media\/galerie\/?kpgp=3&amp;album=PrvniVypalovaniVPeciNaKeramiku\/\">Fotografie z prvn\u00edho vypalov\u00e1n\u00ed &gt;<\/a><\/p>\n<p>&#8212;&#8211;<br \/>\nV\u00edce informac\u00ed a rezervace m\u00edst na span\u00ed: Petra Duhajsk\u00e1 (peta.duhajska@gmail.com, 724 595 639).<\/p>\n<p>P\u0159\u00edsp\u011bvek na provoz Parku \u010din\u00ed 50 K\u010d\/den, 100 K\u010d\/noc. Stravov\u00e1n\u00ed je mo\u017en\u00e9 \u0159e\u0161it spole\u010dn\u011b za 100 K\u010d\/den.<\/p>","protected":false},"excerpt":{"rendered":"<p>Sobota 4.7. a\u017e pond\u011bl\u00ed 6.7. &#8211; spole\u010dn\u00fd v\u00edkend v Parku v\u011bnovan\u00fd p\u0159edev\u0161\u00edm vypalov\u00e1n\u00ed keramiky v dvoukomorov\u00e9 peci (viz fotky). V peci, postaven\u00e9 pouze z hl\u00edny, p\u00edsku a tr\u00e1vy, lze dos\u00e1hnout teploty a\u017e cca 1300\u00b0C. Historie ohn\u011b je pevn\u011b spjata s histori\u00ed a rozvojem \u010dlov\u011bka, s duchovnost\u00ed, p\u0159edstavou vesm\u00edru, s psychologi\u00ed i se spole\u010densk\u00fdm a technologick\u00fdm [&hellip;]<\/p>","protected":false},"author":25,"featured_media":0,"comment_status":"closed","ping_status":"closed","sticky":false,"template":"","format":"standard","meta":[],"categories":[6,4],"tags":[],"_links":{"self":[{"href":"https:\/\/parkpravikov.cz\/en\/wp-json\/wp\/v2\/posts\/2091"}],"collection":[{"href":"https:\/\/parkpravikov.cz\/en\/wp-json\/wp\/v2\/posts"}],"about":[{"href":"https:\/\/parkpravikov.cz\/en\/wp-json\/wp\/v2\/types\/post"}],"author":[{"embeddable":true,"href":"https:\/\/parkpravikov.cz\/en\/wp-json\/wp\/v2\/users\/25"}],"replies":[{"embeddable":true,"href":"https:\/\/parkpravikov.cz\/en\/wp-json\/wp\/v2\/comments?post=2091"}],"version-history":[{"count":3,"href":"https:\/\/parkpravikov.cz\/en\/wp-json\/wp\/v2\/posts\/2091\/revisions"}],"predecessor-version":[{"id":2096,"href":"https:\/\/parkpravikov.cz\/en\/wp-json\/wp\/v2\/posts\/2091\/revisions\/2096"}],"wp:attachment":[{"href":"https:\/\/parkpravikov.cz\/en\/wp-json\/wp\/v2\/media?parent=2091"}],"wp:term":[{"taxonomy":"category","embeddable":true,"href":"https:\/\/parkpravikov.cz\/en\/wp-json\/wp\/v2\/categories?post=2091"},{"taxonomy":"post_tag","embeddable":true,"href":"https:\/\/parkpravikov.cz\/en\/wp-json\/wp\/v2\/tags?post=2091"}],"curies":[{"name":"wp","href":"https:\/\/api.w.org\/{rel}","templated":true}]}}