{"id":2056,"date":"2015-04-21T11:46:58","date_gmt":"2015-04-21T09:46:58","guid":{"rendered":"\/?p=2056"},"modified":"2015-04-21T11:46:58","modified_gmt":"2015-04-21T09:46:58","slug":"pravikovske-dny-pro-rozvoj-ii","status":"publish","type":"post","link":"https:\/\/parkpravikov.cz\/en\/pravikovske-dny-pro-rozvoj-ii\/","title":{"rendered":"Prav\u00edkovsk\u00e9 dny pro rozvoj II"},"content":{"rendered":"<p><a href=\"\/en\/blog\/2015\/04\/21\/pravikovske-dny-pro-rozvoj\/\">PRAV\u00cdKOVSK\u00c9 DNY PRO ROZVOJ<\/a><br \/>\nMEDITA\u010cN\u011a-PRACOVN\u00cd V\u00cdKEND v Parku studi\u00ed a reflexe Prav\u00edkov<br \/>\n8.-10. kv\u011btna 2015 (p\u0159\u00edjezd mo\u017en\u00fd u\u017e 7.5. ve\u010der)<\/p>\n<p>Prodlou\u017een\u00fd v\u00edkend v\u011bnovan\u00fd dal\u0161\u00edmu kroku ve spole\u010dn\u00e9m vytv\u00e1\u0159en\u00ed tohoto speci\u00e1ln\u00edho m\u00edsta i na cest\u011b vnit\u0159n\u00edho rozvoje.<\/p>\n<p>Kdy\u017e se rozv\u00edj\u00ed Park, rozv\u00edj\u00ed se i ka\u017ed\u00fd v n\u011bm!<\/p>\n<p>Program:<br \/>\n\u2022 dal\u0161\u00ed f\u00e1ze rekonstrukce Centra studi\u00ed (dokon\u010den\u00ed \u00faprav obvodov\u00fdch zd\u00ed \u2013 bour\u00e1n\u00ed, kop\u00e1n\u00ed, pomoc p\u0159i stavb\u011b; v l\u00e9t\u011b v\u00fdm\u011bna st\u0159e\u0161n\u00ed krytiny)<br \/>\n\u2022 p\u0159i dostate\u010dn\u00e9m po\u010dtu lid\u00ed i zahradni\u010den\u00ed a dal\u0161\u00ed drobn\u00e9 i rozs\u00e1hlej\u0161\u00ed \u00fapravy, \u00fadr\u017eba a vylep\u0161en\u00ed Parku<br \/>\n\u2022 ka\u017ed\u00fd den rann\u00ed a ve\u010dern\u00ed spole\u010dn\u00e9 ceremonie a meditace, prostor pro sd\u00edlen\u00ed zaj\u00edmav\u00fdch zku\u0161enost\u00ed, ot\u00e1zek a zamy\u0161len\u00ed<\/p>\n<p>\u201eParky studi\u00ed a reflexe zd\u016fraz\u0148uj\u00ed hled\u00e1n\u00ed a projev posv\u00e1tn\u00e9ho \u2013 tedy t\u011bch nejlep\u0161\u00edch aspirac\u00ed \u010dlov\u011bka, kter\u00fd se dnes p\u0159ipravuje k probuzen\u00ed z hlubok\u00e9ho sp\u00e1nku.\u201c<\/p>\n<p>Celkem prob\u011bhne p\u011bt takov\u00fdchto pracovn\u011b-medita\u010dn\u00edcvh v\u00edkend\u016f:<br \/>\nPrav\u00edkovsk\u00e9 dny pro rozvoj I: 1.-3.5.2015<br \/>\nPrav\u00edkovsk\u00e9 dny pro rozvoj II: 8-10.5.2015<br \/>\nPrav\u00edkovsk\u00e9 dny pro rozvoj III: 27-28.6.2015<br \/>\nPrav\u00edkovsk\u00e9 dny pro rozvoj IV: 17-19.7.2015<br \/>\nPrav\u00edkovsk\u00e9 dny pro rozvoj V: 14-16.8.2015<\/p>\n<p>Kontakt, v\u00edce informac\u00ed a rezervace m\u00edst na span\u00ed: Daniela Cachov\u00e1 (724 785 876, bedy.ns@seznam.cz). Za span\u00ed a pobyt v Parku se b\u011bhem pracovn\u00edch akc\u00ed neplat\u00ed, stravov\u00e1n\u00ed je mo\u017en\u00e9 zajistit spole\u010dn\u00e9 za 100 K\u010d\/den.<\/p>\n<p><a href=\"\/en\/blog\/2015\/04\/21\/pravikovske-dny-pro-rozvoj-ii\/dny-pro-rozvoj_park-pravikov-3\/\" rel=\"attachment wp-att-2057\"><img loading=\"lazy\" class=\"alignnone size-large wp-image-2057\" src=\"\/wp-content\/uploads\/2015\/04\/Dny-pro-rozvoj_Park-Pravikov2-584x536.jpg\" alt=\"\" width=\"584\" height=\"536\" \/><\/a><\/p>","protected":false},"excerpt":{"rendered":"<p>PRAV\u00cdKOVSK\u00c9 DNY PRO ROZVOJ MEDITA\u010cN\u011a-PRACOVN\u00cd V\u00cdKEND v Parku studi\u00ed a reflexe Prav\u00edkov 8.-10. kv\u011btna 2015 (p\u0159\u00edjezd mo\u017en\u00fd u\u017e 7.5. ve\u010der) Prodlou\u017een\u00fd v\u00edkend v\u011bnovan\u00fd dal\u0161\u00edmu kroku ve spole\u010dn\u00e9m vytv\u00e1\u0159en\u00ed tohoto speci\u00e1ln\u00edho m\u00edsta i na cest\u011b vnit\u0159n\u00edho rozvoje. Kdy\u017e se rozv\u00edj\u00ed Park, rozv\u00edj\u00ed se i ka\u017ed\u00fd v n\u011bm! Program: \u2022 dal\u0161\u00ed f\u00e1ze rekonstrukce Centra studi\u00ed (dokon\u010den\u00ed \u00faprav [&hellip;]<\/p>","protected":false},"author":25,"featured_media":0,"comment_status":"closed","ping_status":"closed","sticky":false,"template":"","format":"standard","meta":[],"categories":[6,4],"tags":[],"_links":{"self":[{"href":"https:\/\/parkpravikov.cz\/en\/wp-json\/wp\/v2\/posts\/2056"}],"collection":[{"href":"https:\/\/parkpravikov.cz\/en\/wp-json\/wp\/v2\/posts"}],"about":[{"href":"https:\/\/parkpravikov.cz\/en\/wp-json\/wp\/v2\/types\/post"}],"author":[{"embeddable":true,"href":"https:\/\/parkpravikov.cz\/en\/wp-json\/wp\/v2\/users\/25"}],"replies":[{"embeddable":true,"href":"https:\/\/parkpravikov.cz\/en\/wp-json\/wp\/v2\/comments?post=2056"}],"version-history":[{"count":2,"href":"https:\/\/parkpravikov.cz\/en\/wp-json\/wp\/v2\/posts\/2056\/revisions"}],"predecessor-version":[{"id":2059,"href":"https:\/\/parkpravikov.cz\/en\/wp-json\/wp\/v2\/posts\/2056\/revisions\/2059"}],"wp:attachment":[{"href":"https:\/\/parkpravikov.cz\/en\/wp-json\/wp\/v2\/media?parent=2056"}],"wp:term":[{"taxonomy":"category","embeddable":true,"href":"https:\/\/parkpravikov.cz\/en\/wp-json\/wp\/v2\/categories?post=2056"},{"taxonomy":"post_tag","embeddable":true,"href":"https:\/\/parkpravikov.cz\/en\/wp-json\/wp\/v2\/tags?post=2056"}],"curies":[{"name":"wp","href":"https:\/\/api.w.org\/{rel}","templated":true}]}}