{"id":1997,"date":"2014-11-25T23:44:10","date_gmt":"2014-11-25T22:44:10","guid":{"rendered":"\/?p=1997"},"modified":"2014-11-25T23:44:10","modified_gmt":"2014-11-25T22:44:10","slug":"rozlouceni-s-violkou","status":"publish","type":"post","link":"https:\/\/parkpravikov.cz\/en\/rozlouceni-s-violkou\/","title":{"rendered":"Rozlou\u010den\u00ed s Violkou"},"content":{"rendered":"<p>Spole\u010dn\u00e1 ceremonie pro rozlou\u010den\u00ed s Violkou Sm\u00ed\u0161kovou.<\/p>","protected":false},"excerpt":{"rendered":"<p>Spole\u010dn\u00e1 ceremonie pro rozlou\u010den\u00ed s Violkou Sm\u00ed\u0161kovou.<\/p>","protected":false},"author":25,"featured_media":0,"comment_status":"closed","ping_status":"closed","sticky":false,"template":"","format":"standard","meta":[],"categories":[5],"tags":[],"_links":{"self":[{"href":"https:\/\/parkpravikov.cz\/en\/wp-json\/wp\/v2\/posts\/1997"}],"collection":[{"href":"https:\/\/parkpravikov.cz\/en\/wp-json\/wp\/v2\/posts"}],"about":[{"href":"https:\/\/parkpravikov.cz\/en\/wp-json\/wp\/v2\/types\/post"}],"author":[{"embeddable":true,"href":"https:\/\/parkpravikov.cz\/en\/wp-json\/wp\/v2\/users\/25"}],"replies":[{"embeddable":true,"href":"https:\/\/parkpravikov.cz\/en\/wp-json\/wp\/v2\/comments?post=1997"}],"version-history":[{"count":1,"href":"https:\/\/parkpravikov.cz\/en\/wp-json\/wp\/v2\/posts\/1997\/revisions"}],"predecessor-version":[{"id":1998,"href":"https:\/\/parkpravikov.cz\/en\/wp-json\/wp\/v2\/posts\/1997\/revisions\/1998"}],"wp:attachment":[{"href":"https:\/\/parkpravikov.cz\/en\/wp-json\/wp\/v2\/media?parent=1997"}],"wp:term":[{"taxonomy":"category","embeddable":true,"href":"https:\/\/parkpravikov.cz\/en\/wp-json\/wp\/v2\/categories?post=1997"},{"taxonomy":"post_tag","embeddable":true,"href":"https:\/\/parkpravikov.cz\/en\/wp-json\/wp\/v2\/tags?post=1997"}],"curies":[{"name":"wp","href":"https:\/\/api.w.org\/{rel}","templated":true}]}}