{"id":1862,"date":"2014-05-01T17:00:24","date_gmt":"2014-05-01T15:00:24","guid":{"rendered":"\/?p=1862"},"modified":"2014-05-01T17:00:25","modified_gmt":"2014-05-01T15:00:25","slug":"prodlouzeny-pracovni-vikend-1-etapa-pripravy-instalace-monolitu","status":"publish","type":"post","link":"https:\/\/parkpravikov.cz\/en\/prodlouzeny-pracovni-vikend-1-etapa-pripravy-instalace-monolitu\/","title":{"rendered":"Prodlou\u017een\u00fd pracovn\u00ed v\u00edkend &#8211; 1. etapa p\u0159\u00edpravy instalace monolitu"},"content":{"rendered":"<p><a href=\"\/en\/blog\/2014\/05\/01\/prodlouzeny-pracovni-vikend-1-etapa-pripravy-instalace-monolitu\/6019200778_28508c38fe_b\/\" rel=\"attachment wp-att-1863\"><img loading=\"lazy\" class=\"alignleft size-thumbnail wp-image-1863\" src=\"\/wp-content\/uploads\/2014\/05\/6019200778_28508c38fe_b-150x224.jpg\" alt=\"\" width=\"150\" height=\"224\" \/><\/a>B\u011bhem kv\u011btna a \u010dervna budou prob\u00edhat <strong>p\u0159\u00edpravy na inauguraci monolitu<\/strong>, kter\u00e1 je napl\u00e1novan\u00e1 na 21. \u010dervna 2014. Pro prvn\u00ed etapu prac\u00ed vyu\u017eijeme <strong>prodlou\u017een\u00fd v\u00edkend 8.-11. kv\u011btna<\/strong>.<\/p>\n<p>Co se bude d\u011blat:\u00a0p\u0159\u00edprava v\u00fdztu\u017ee do z\u00e1kladu, v\u00fdkop pro z\u00e1klad a p\u0159\u00edvod elekt\u0159iny, vybetonov\u00e1n\u00ed z\u00e1kladu, p\u0159\u00edprava kamen\u016f pro kruh kolem monolitu; krom\u011b toho\u00a0se bude bagrem odstra\u0148ovat hromada skl\u00e1dky a doupravovat ter\u00e9n v zadn\u00ed \u010d\u00e1sti Parku.<!--more--><\/p>\n<p>V\u0161echny Parky ve sv\u011bt\u011b jsou vytv\u00e1\u0159eny lidmi &#8211; dobrovoln\u00fdmi p\u0159\u00edsp\u011bvky a prac\u00ed. Ka\u017ed\u00fd se m\u016f\u017ee zapojit, jak mu situace a mo\u017enosti dovoluj\u00ed. P\u0159iv\u00edt\u00e1me ka\u017edou pomocnou ruku.<\/p>\n<p>B\u011bhem pracovn\u00edch akc\u00ed \u00fa\u010dastn\u00edci neplat\u00ed p\u0159\u00edsp\u011bvek na provoz Parku, plat\u00ed se jen spole\u010dn\u00e9 stravov\u00e1n\u00ed. M\u00edsto na span\u00ed si, pros\u00edm, rezervujte p\u0159edem e-mailem nebo telefonicky. Z d\u016fvodu lep\u0161\u00ed organizace (p\u0159\u00edprava n\u00e1stroj\u016f, n\u00e1kup j\u00eddla atd.) dejte v\u011bd\u011bt, i kdybyste m\u00edsto na p\u0159esp\u00e1n\u00ed nepot\u0159ebovali, a\u0165 v\u00edme, s kolika lidmi m\u016f\u017eeme po\u010d\u00edtat.<\/p>\n<p>Kontakt: Petra Duhajsk\u00e1 (724 595 639, peta.duhajska@gmail.com).<\/p>\n<figure id=\"attachment_1865\" aria-describedby=\"caption-attachment-1865\" style=\"width: 584px\" class=\"wp-caption alignnone\"><a href=\"\/en\/blog\/2014\/05\/01\/prodlouzeny-pracovni-vikend-1-etapa-pripravy-instalace-monolitu\/monolit-vyroba-1\/\" rel=\"attachment wp-att-1865\"><img loading=\"lazy\" class=\"size-large wp-image-1865\" src=\"\/wp-content\/uploads\/2014\/05\/monolit-vyroba-1-584x438.jpg\" alt=\"\" width=\"584\" height=\"438\" \/><\/a><figcaption id=\"caption-attachment-1865\" class=\"wp-caption-text\">Le\u0161t\u011bn\u00ed monolitu u\u017e je v pln\u00e9m proudu.<\/figcaption><\/figure>\n<p>2. etapa bude o v\u00edkendu:\u00a0<strong>24. a 25. kv\u011btna<\/strong><br \/>\n&#8211; p\u0159\u00edprava podlo\u017e\u00ed a dl\u00e1\u017ed\u011bn\u00ed kamen\u016f kolem monolitu<\/p>\n<p>3. etapa bude o v\u00edkendu:\u00a0<strong>7. a 8. \u010dervna\u00a0<\/strong><br \/>\n&#8211;\u00a0<span style=\"color: #ff0000\"><strong>vzty\u010den\u00ed monolitu<\/strong><strong>\u00a0<\/strong><\/span>a dokon\u010dovac\u00ed pr\u00e1ce<\/p>\n<p>Cel\u00fd harmonogram si m\u016f\u017eete prohl\u00e9dnout zde:\u00a0<a href=\"\/en\/blog\/2014\/05\/01\/prodlouzeny-pracovni-vikend-1-etapa-pripravy-instalace-monolitu\/monolit_harmonogram\/\" rel=\"attachment wp-att-1864\">monolit_harmonogram<\/a><\/p>","protected":false},"excerpt":{"rendered":"<p>B\u011bhem kv\u011btna a \u010dervna budou prob\u00edhat p\u0159\u00edpravy na inauguraci monolitu, kter\u00e1 je napl\u00e1novan\u00e1 na 21. \u010dervna 2014. Pro prvn\u00ed etapu prac\u00ed vyu\u017eijeme prodlou\u017een\u00fd v\u00edkend 8.-11. kv\u011btna. Co se bude d\u011blat:\u00a0p\u0159\u00edprava v\u00fdztu\u017ee do z\u00e1kladu, v\u00fdkop pro z\u00e1klad a p\u0159\u00edvod elekt\u0159iny, vybetonov\u00e1n\u00ed z\u00e1kladu, p\u0159\u00edprava kamen\u016f pro kruh kolem monolitu; krom\u011b toho\u00a0se bude bagrem odstra\u0148ovat hromada skl\u00e1dky a [&hellip;]<\/p>","protected":false},"author":25,"featured_media":0,"comment_status":"closed","ping_status":"closed","sticky":false,"template":"","format":"standard","meta":[],"categories":[6,4],"tags":[],"_links":{"self":[{"href":"https:\/\/parkpravikov.cz\/en\/wp-json\/wp\/v2\/posts\/1862"}],"collection":[{"href":"https:\/\/parkpravikov.cz\/en\/wp-json\/wp\/v2\/posts"}],"about":[{"href":"https:\/\/parkpravikov.cz\/en\/wp-json\/wp\/v2\/types\/post"}],"author":[{"embeddable":true,"href":"https:\/\/parkpravikov.cz\/en\/wp-json\/wp\/v2\/users\/25"}],"replies":[{"embeddable":true,"href":"https:\/\/parkpravikov.cz\/en\/wp-json\/wp\/v2\/comments?post=1862"}],"version-history":[{"count":3,"href":"https:\/\/parkpravikov.cz\/en\/wp-json\/wp\/v2\/posts\/1862\/revisions"}],"predecessor-version":[{"id":1868,"href":"https:\/\/parkpravikov.cz\/en\/wp-json\/wp\/v2\/posts\/1862\/revisions\/1868"}],"wp:attachment":[{"href":"https:\/\/parkpravikov.cz\/en\/wp-json\/wp\/v2\/media?parent=1862"}],"wp:term":[{"taxonomy":"category","embeddable":true,"href":"https:\/\/parkpravikov.cz\/en\/wp-json\/wp\/v2\/categories?post=1862"},{"taxonomy":"post_tag","embeddable":true,"href":"https:\/\/parkpravikov.cz\/en\/wp-json\/wp\/v2\/tags?post=1862"}],"curies":[{"name":"wp","href":"https:\/\/api.w.org\/{rel}","templated":true}]}}