{"id":1857,"date":"2014-04-29T17:08:10","date_gmt":"2014-04-29T15:08:10","guid":{"rendered":"\/?p=1857"},"modified":"2014-05-12T21:41:43","modified_gmt":"2014-05-12T19:41:43","slug":"oslava-45-vyroci-zalozeni-humanistickeho-hnuti","status":"publish","type":"post","link":"https:\/\/parkpravikov.cz\/en\/oslava-45-vyroci-zalozeni-humanistickeho-hnuti\/","title":{"rendered":"Oslava 45. v\u00fdro\u010d\u00ed zalo\u017een\u00ed Humanistick\u00e9ho hnut\u00ed"},"content":{"rendered":"<p><a href=\"\/en\/blog\/2014\/04\/29\/oslava-45-vyroci-zalozeni-humanistickeho-hnuti\/pdv-screengrabs\/\" rel=\"attachment wp-att-1858\"><img loading=\"lazy\" class=\"alignleft size-thumbnail wp-image-1858\" src=\"\/wp-content\/uploads\/2014\/04\/pdv-screengrabs-150x100.jpg\" alt=\"\" width=\"150\" height=\"100\" \/><\/a>V ned\u011bli 4. kv\u011btna 2014 uplyne p\u0159esn\u011b 45 let od <a title=\"Silo\" href=\"https:\/\/parkpravikov.cz\/en\/knihovna\/silo\/\">Silova<\/a> prvn\u00edho ve\u0159ejn\u00e9ho projevu, zn\u00e1m\u00e9ho jako <strong>Uzdraven\u00ed od utrpen\u00ed<\/strong>. V Parku Prav\u00edkov toto v\u00fdro\u010d\u00ed oslav\u00edme <strong>v sobotu 3. kv\u011btna od 14 hodin<\/strong>. P\u0159ipomeneme si Sil\u016fv projev a p\u0159i spole\u010dn\u00fdch ceremoni\u00edch se pokus\u00edme propojit s t\u00edm nejlep\u0161\u00edm v n\u00e1s i v ostatn\u00edch a z\u00edskat s\u00edlu a nad\u011bji, kterou pot\u0159ebujeme. Park bude otev\u0159en\u00fd cel\u00fd v\u00edkend.<!--more--><\/p>\n<p>Bli\u017e\u0161\u00ed informace: Petra Duhajsk\u00e1 (724 595 639, peta.duhajska@gmail.com).<br \/>\nPokud chcete v Parku i p\u0159espat, rezervujte si, pros\u00edm, m\u00edsto p\u0159edem.<\/p>\n<p><em>\u201eMus\u00ed\u0161 rozli\u0161ovat dva druhy utrpen\u00ed. Prvn\u00ed se objevuje v p\u0159\u00edpad\u011b nemoci a lze jej m\u00edrnit d\u00edky pokroku ve v\u011bd\u011b, stejn\u011b m\u016f\u017ee ustoupit i hlad d\u00edky tomu, \u017ee se p\u0159ibl\u00ed\u017e\u00edme \u0159\u00ed\u0161i spravedlnosti. Tak\u00e9 je tu utrpen\u00ed, kter\u00e9 se nev\u00e1\u017ee p\u0159\u00edmo k nemoci tv\u00e9ho t\u011bla, ale vypl\u00fdv\u00e1 z\u00a0n\u00ed: kdy\u017e jsi paralyzov\u00e1n, pokud nem\u016f\u017ee\u0161 vid\u011bt, pokud nem\u016f\u017ee\u0161 sly\u0161et, trp\u00ed\u0161. Ale toto utrpen\u00ed, i kdy\u017e poch\u00e1z\u00ed z tv\u00e9ho t\u011bla, je utrpen\u00edm tv\u00e9 mysli.<\/em><\/p>\n<p><a href=\"\/en\/blog\/2014\/04\/29\/oslava-45-vyroci-zalozeni-humanistickeho-hnuti\/la_arenga1_g\/\" rel=\"attachment wp-att-1859\"><img loading=\"lazy\" class=\"size-medium wp-image-1859 alignright\" src=\"\/wp-content\/uploads\/2014\/04\/La_arenga1_g-270x208.jpg\" alt=\"\" width=\"270\" height=\"208\" \/><\/a><\/p>\n<p><em>Ale je tu je\u0161t\u011b dal\u0161\u00ed druh utrpen\u00ed, kter\u00fd nem\u016f\u017ee ustoupit ani rozvojem v\u011bdy, ani rozvojem spravedlnosti. Tento druh utrpen\u00ed, kter\u00fd je t\u011bsn\u011b spjat s tvou mysl\u00ed, ustupuje p\u0159ed v\u00edrou, p\u0159ed radost\u00ed ze \u017eivota, p\u0159ed l\u00e1skou. Mus\u00ed\u0161 pochopit, \u017ee toto utrpen\u00ed v\u017edy ko\u0159en\u00ed v n\u00e1sil\u00ed, kter\u00e9 je v tv\u00e9m v\u011bdom\u00ed. Trp\u00ed\u0161, proto\u017ee m\u00e1\u0161 strach ze ztr\u00e1ty toho, co m\u00e1\u0161, trp\u00ed\u0161 pro to, co jsi u\u017e ztratil, nebo pro to, \u010deho zoufale tou\u017e\u00ed\u0161 dos\u00e1hnout. Trp\u00ed\u0161 pro n\u011bco, co nem\u00e1\u0161, nebo proto\u017ee m\u00e1\u0161 strach obecn\u011b.<\/em><\/p>\n<p><em>\u2026<\/em><\/p>\n<p><em>S n\u00e1sil\u00edm v sob\u011b i v ostatn\u00edch a ve sv\u011bt\u011b, kter\u00fd t\u011b obklopuje, m\u016f\u017ee\u0161 skoncovat jedin\u011b vnit\u0159n\u00ed v\u00edrou a vnit\u0159n\u00ed meditac\u00ed.\u201c<\/em><\/p>","protected":false},"excerpt":{"rendered":"<p>V ned\u011bli 4. kv\u011btna 2014 uplyne p\u0159esn\u011b 45 let od Silova prvn\u00edho ve\u0159ejn\u00e9ho projevu, zn\u00e1m\u00e9ho jako Uzdraven\u00ed od utrpen\u00ed. V Parku Prav\u00edkov toto v\u00fdro\u010d\u00ed oslav\u00edme v sobotu 3. kv\u011btna od 14 hodin. P\u0159ipomeneme si Sil\u016fv projev a p\u0159i spole\u010dn\u00fdch ceremoni\u00edch se pokus\u00edme propojit s t\u00edm nejlep\u0161\u00edm v n\u00e1s i v ostatn\u00edch a z\u00edskat s\u00edlu a [&hellip;]<\/p>","protected":false},"author":25,"featured_media":0,"comment_status":"closed","ping_status":"closed","sticky":false,"template":"","format":"standard","meta":[],"categories":[6,4],"tags":[],"_links":{"self":[{"href":"https:\/\/parkpravikov.cz\/en\/wp-json\/wp\/v2\/posts\/1857"}],"collection":[{"href":"https:\/\/parkpravikov.cz\/en\/wp-json\/wp\/v2\/posts"}],"about":[{"href":"https:\/\/parkpravikov.cz\/en\/wp-json\/wp\/v2\/types\/post"}],"author":[{"embeddable":true,"href":"https:\/\/parkpravikov.cz\/en\/wp-json\/wp\/v2\/users\/25"}],"replies":[{"embeddable":true,"href":"https:\/\/parkpravikov.cz\/en\/wp-json\/wp\/v2\/comments?post=1857"}],"version-history":[{"count":6,"href":"https:\/\/parkpravikov.cz\/en\/wp-json\/wp\/v2\/posts\/1857\/revisions"}],"predecessor-version":[{"id":1876,"href":"https:\/\/parkpravikov.cz\/en\/wp-json\/wp\/v2\/posts\/1857\/revisions\/1876"}],"wp:attachment":[{"href":"https:\/\/parkpravikov.cz\/en\/wp-json\/wp\/v2\/media?parent=1857"}],"wp:term":[{"taxonomy":"category","embeddable":true,"href":"https:\/\/parkpravikov.cz\/en\/wp-json\/wp\/v2\/categories?post=1857"},{"taxonomy":"post_tag","embeddable":true,"href":"https:\/\/parkpravikov.cz\/en\/wp-json\/wp\/v2\/tags?post=1857"}],"curies":[{"name":"wp","href":"https:\/\/api.w.org\/{rel}","templated":true}]}}