{"id":1852,"date":"2014-04-29T12:50:03","date_gmt":"2014-04-29T10:50:03","guid":{"rendered":"\/?p=1852"},"modified":"2014-04-29T12:50:52","modified_gmt":"2014-04-29T10:50:52","slug":"setkani-mistru-skoly-parku-studii-a-reflexe-duben-2014","status":"publish","type":"post","link":"https:\/\/parkpravikov.cz\/en\/setkani-mistru-skoly-parku-studii-a-reflexe-duben-2014\/","title":{"rendered":"Setk\u00e1n\u00ed mistr\u016f \u0160koly Park\u016f studi\u00ed a reflexe &#8211; duben 2014"},"content":{"rendered":"<p>http:\/\/www.youtube.com\/watch?v=1Y5A3MFpzkw<\/p>\n<p>O velikono\u010dn\u00edm prodlou\u017een\u00e9m v\u00edkendu 17.-20. dubna 2014 prob\u011bhlo v Parku Prav\u00edkov mezin\u00e1rodn\u00ed setk\u00e1n\u00ed mistr\u016f \u0160koly.<\/p>","protected":false},"excerpt":{"rendered":"<p>http:\/\/www.youtube.com\/watch?v=1Y5A3MFpzkw O velikono\u010dn\u00edm prodlou\u017een\u00e9m v\u00edkendu 17.-20. dubna 2014 prob\u011bhlo v Parku Prav\u00edkov mezin\u00e1rodn\u00ed setk\u00e1n\u00ed mistr\u016f \u0160koly.<\/p>","protected":false},"author":25,"featured_media":0,"comment_status":"closed","ping_status":"closed","sticky":false,"template":"","format":"standard","meta":[],"categories":[3],"tags":[],"_links":{"self":[{"href":"https:\/\/parkpravikov.cz\/en\/wp-json\/wp\/v2\/posts\/1852"}],"collection":[{"href":"https:\/\/parkpravikov.cz\/en\/wp-json\/wp\/v2\/posts"}],"about":[{"href":"https:\/\/parkpravikov.cz\/en\/wp-json\/wp\/v2\/types\/post"}],"author":[{"embeddable":true,"href":"https:\/\/parkpravikov.cz\/en\/wp-json\/wp\/v2\/users\/25"}],"replies":[{"embeddable":true,"href":"https:\/\/parkpravikov.cz\/en\/wp-json\/wp\/v2\/comments?post=1852"}],"version-history":[{"count":3,"href":"https:\/\/parkpravikov.cz\/en\/wp-json\/wp\/v2\/posts\/1852\/revisions"}],"predecessor-version":[{"id":1856,"href":"https:\/\/parkpravikov.cz\/en\/wp-json\/wp\/v2\/posts\/1852\/revisions\/1856"}],"wp:attachment":[{"href":"https:\/\/parkpravikov.cz\/en\/wp-json\/wp\/v2\/media?parent=1852"}],"wp:term":[{"taxonomy":"category","embeddable":true,"href":"https:\/\/parkpravikov.cz\/en\/wp-json\/wp\/v2\/categories?post=1852"},{"taxonomy":"post_tag","embeddable":true,"href":"https:\/\/parkpravikov.cz\/en\/wp-json\/wp\/v2\/tags?post=1852"}],"curies":[{"name":"wp","href":"https:\/\/api.w.org\/{rel}","templated":true}]}}