{"id":1834,"date":"2014-04-03T23:33:38","date_gmt":"2014-04-03T21:33:38","guid":{"rendered":"\/?p=1834"},"modified":"2014-04-03T23:33:38","modified_gmt":"2014-04-03T21:33:38","slug":"jarni-zahradnicky-vikend-pro-park","status":"publish","type":"post","link":"https:\/\/parkpravikov.cz\/en\/jarni-zahradnicky-vikend-pro-park\/","title":{"rendered":"Jarn\u00ed zahradnick\u00fd v\u00edkend pro Park"},"content":{"rendered":"<p><a href=\"\/en\/blog\/2014\/04\/03\/jarni-zahradnicky-vikend-pro-park\/sam_1865-small\/\" rel=\"attachment wp-att-1835\"><img loading=\"lazy\" class=\"alignleft size-thumbnail wp-image-1835\" src=\"\/wp-content\/uploads\/2014\/04\/SAM_1865-small-150x112.jpg\" alt=\"\" width=\"150\" height=\"112\" \/><\/a>Kdy: sobota 12. a\u017e ned\u011ble 13. dubna.<br \/>\nJarn\u00ed \u00faklid, \u00fadr\u017eba zahrady, bylinkov\u00e9 zahr\u00e1dky i sm\u011bl\u00e9 zahradnick\u00e9 pl\u00e1ny, jak d\u00e1le rozv\u00edjet prost\u0159ed\u00ed Parku a p\u0159ipojit nov\u011b zakoupenou \u010d\u00e1st pozemku &#8211; to v\u0161e s profesion\u00e1ln\u00ed zahradnic\u00ed. To jsou hlavn\u00ed pl\u00e1ny tohoto jarn\u00edho pracovn\u00edho v\u00edkendu. Je v\u00edt\u00e1n ka\u017ed\u00fd, kdo je ochotn\u00fd p\u0159ilo\u017eit ruku k d\u00edlu a chce si u\u017e\u00edt inspirativn\u00ed atmosf\u00e9ru Parku, p\u0159\u00edjemn\u00fd v\u00edkend s prac\u00ed na zahrad\u011b a z\u00e1rove\u0148 pomoci dal\u0161\u00edmu rozvoji Parku.<!--more--><\/p>\n<p>V\u00edce informac\u00ed: Dana Feminov\u00e1 (danafem@volny.cz, 777 711 911).<\/p>","protected":false},"excerpt":{"rendered":"<p>Kdy: sobota 12. a\u017e ned\u011ble 13. dubna. Jarn\u00ed \u00faklid, \u00fadr\u017eba zahrady, bylinkov\u00e9 zahr\u00e1dky i sm\u011bl\u00e9 zahradnick\u00e9 pl\u00e1ny, jak d\u00e1le rozv\u00edjet prost\u0159ed\u00ed Parku a p\u0159ipojit nov\u011b zakoupenou \u010d\u00e1st pozemku &#8211; to v\u0161e s profesion\u00e1ln\u00ed zahradnic\u00ed. To jsou hlavn\u00ed pl\u00e1ny tohoto jarn\u00edho pracovn\u00edho v\u00edkendu. Je v\u00edt\u00e1n ka\u017ed\u00fd, kdo je ochotn\u00fd p\u0159ilo\u017eit ruku k d\u00edlu a chce si [&hellip;]<\/p>","protected":false},"author":25,"featured_media":0,"comment_status":"closed","ping_status":"closed","sticky":false,"template":"","format":"standard","meta":[],"categories":[6,4],"tags":[],"_links":{"self":[{"href":"https:\/\/parkpravikov.cz\/en\/wp-json\/wp\/v2\/posts\/1834"}],"collection":[{"href":"https:\/\/parkpravikov.cz\/en\/wp-json\/wp\/v2\/posts"}],"about":[{"href":"https:\/\/parkpravikov.cz\/en\/wp-json\/wp\/v2\/types\/post"}],"author":[{"embeddable":true,"href":"https:\/\/parkpravikov.cz\/en\/wp-json\/wp\/v2\/users\/25"}],"replies":[{"embeddable":true,"href":"https:\/\/parkpravikov.cz\/en\/wp-json\/wp\/v2\/comments?post=1834"}],"version-history":[{"count":2,"href":"https:\/\/parkpravikov.cz\/en\/wp-json\/wp\/v2\/posts\/1834\/revisions"}],"predecessor-version":[{"id":1837,"href":"https:\/\/parkpravikov.cz\/en\/wp-json\/wp\/v2\/posts\/1834\/revisions\/1837"}],"wp:attachment":[{"href":"https:\/\/parkpravikov.cz\/en\/wp-json\/wp\/v2\/media?parent=1834"}],"wp:term":[{"taxonomy":"category","embeddable":true,"href":"https:\/\/parkpravikov.cz\/en\/wp-json\/wp\/v2\/categories?post=1834"},{"taxonomy":"post_tag","embeddable":true,"href":"https:\/\/parkpravikov.cz\/en\/wp-json\/wp\/v2\/tags?post=1834"}],"curies":[{"name":"wp","href":"https:\/\/api.w.org\/{rel}","templated":true}]}}