{"id":1761,"date":"2013-11-18T00:34:01","date_gmt":"2013-11-17T23:34:01","guid":{"rendered":"\/?p=1761"},"modified":"2013-11-18T00:34:01","modified_gmt":"2013-11-17T23:34:01","slug":"pracovni-den","status":"publish","type":"post","link":"https:\/\/parkpravikov.cz\/en\/pracovni-den\/","title":{"rendered":"Pracovn\u00ed den"},"content":{"rendered":"<p>\u00dapravy zahrady, \u00faklid, p\u0159\u00edpravy na zimu.<\/p>","protected":false},"excerpt":{"rendered":"<p>\u00dapravy zahrady, \u00faklid, p\u0159\u00edpravy na zimu.<\/p>","protected":false},"author":25,"featured_media":0,"comment_status":"closed","ping_status":"closed","sticky":false,"template":"","format":"standard","meta":[],"categories":[6,4],"tags":[],"_links":{"self":[{"href":"https:\/\/parkpravikov.cz\/en\/wp-json\/wp\/v2\/posts\/1761"}],"collection":[{"href":"https:\/\/parkpravikov.cz\/en\/wp-json\/wp\/v2\/posts"}],"about":[{"href":"https:\/\/parkpravikov.cz\/en\/wp-json\/wp\/v2\/types\/post"}],"author":[{"embeddable":true,"href":"https:\/\/parkpravikov.cz\/en\/wp-json\/wp\/v2\/users\/25"}],"replies":[{"embeddable":true,"href":"https:\/\/parkpravikov.cz\/en\/wp-json\/wp\/v2\/comments?post=1761"}],"version-history":[{"count":1,"href":"https:\/\/parkpravikov.cz\/en\/wp-json\/wp\/v2\/posts\/1761\/revisions"}],"predecessor-version":[{"id":1762,"href":"https:\/\/parkpravikov.cz\/en\/wp-json\/wp\/v2\/posts\/1761\/revisions\/1762"}],"wp:attachment":[{"href":"https:\/\/parkpravikov.cz\/en\/wp-json\/wp\/v2\/media?parent=1761"}],"wp:term":[{"taxonomy":"category","embeddable":true,"href":"https:\/\/parkpravikov.cz\/en\/wp-json\/wp\/v2\/categories?post=1761"},{"taxonomy":"post_tag","embeddable":true,"href":"https:\/\/parkpravikov.cz\/en\/wp-json\/wp\/v2\/tags?post=1761"}],"curies":[{"name":"wp","href":"https:\/\/api.w.org\/{rel}","templated":true}]}}