{"id":1759,"date":"2013-11-18T00:32:55","date_gmt":"2013-11-17T23:32:55","guid":{"rendered":"\/?p=1759"},"modified":"2013-11-18T00:32:55","modified_gmt":"2013-11-17T23:32:55","slug":"setkani-s-piou-f","status":"publish","type":"post","link":"https:\/\/parkpravikov.cz\/en\/setkani-s-piou-f\/","title":{"rendered":"Setk\u00e1n\u00ed s Piou F."},"content":{"rendered":"<p>Pia Figueroa bude v \u00fater\u00fd 29. \u0159\u00edjna v Divadle Kampa\u00a0<a title=\"Prezentace knihy: Silo, Mistr na\u0161\u00ed doby\" href=\"\/en\/blog\/2013\/10\/03\/prezentace-knihy-silo-mistr-nasi-doby\/\">prezentovat svou knihu Silo: Mistr na\u0161\u00ed doby<\/a>. V p\u00e1tek 1. listopadu se uskute\u010dn\u00ed neform\u00e1ln\u00ed setk\u00e1n\u00ed v Parku Prav\u00edkov, kde bude mo\u017en\u00e9 popov\u00eddat si s n\u00ed o t\u00e9matech jako Humanistick\u00e9 hnut\u00ed, \u0160kola Park\u016f studi\u00ed a reflexe, Silovo Poselstv\u00ed, monografie&#8230;<br \/>\nSetk\u00e1n\u00ed je ur\u010deno zejm\u00e9na pro mistry \u0160koly a lidi s hlubok\u00fdm z\u00e1jmem o Silovo u\u010den\u00ed a aktivity sm\u011b\u0159uj\u00edc\u00ed k napl\u0148ov\u00e1n\u00ed princip\u016f Nov\u00e9ho humanismu.<\/p>","protected":false},"excerpt":{"rendered":"<p>Pia Figueroa bude v \u00fater\u00fd 29. \u0159\u00edjna v Divadle Kampa\u00a0prezentovat svou knihu Silo: Mistr na\u0161\u00ed doby. V p\u00e1tek 1. listopadu se uskute\u010dn\u00ed neform\u00e1ln\u00ed setk\u00e1n\u00ed v Parku Prav\u00edkov, kde bude mo\u017en\u00e9 popov\u00eddat si s n\u00ed o t\u00e9matech jako Humanistick\u00e9 hnut\u00ed, \u0160kola Park\u016f studi\u00ed a reflexe, Silovo Poselstv\u00ed, monografie&#8230; Setk\u00e1n\u00ed je ur\u010deno zejm\u00e9na pro mistry \u0160koly a [&hellip;]<\/p>","protected":false},"author":25,"featured_media":0,"comment_status":"closed","ping_status":"closed","sticky":false,"template":"","format":"standard","meta":[],"categories":[5],"tags":[],"_links":{"self":[{"href":"https:\/\/parkpravikov.cz\/en\/wp-json\/wp\/v2\/posts\/1759"}],"collection":[{"href":"https:\/\/parkpravikov.cz\/en\/wp-json\/wp\/v2\/posts"}],"about":[{"href":"https:\/\/parkpravikov.cz\/en\/wp-json\/wp\/v2\/types\/post"}],"author":[{"embeddable":true,"href":"https:\/\/parkpravikov.cz\/en\/wp-json\/wp\/v2\/users\/25"}],"replies":[{"embeddable":true,"href":"https:\/\/parkpravikov.cz\/en\/wp-json\/wp\/v2\/comments?post=1759"}],"version-history":[{"count":1,"href":"https:\/\/parkpravikov.cz\/en\/wp-json\/wp\/v2\/posts\/1759\/revisions"}],"predecessor-version":[{"id":1760,"href":"https:\/\/parkpravikov.cz\/en\/wp-json\/wp\/v2\/posts\/1759\/revisions\/1760"}],"wp:attachment":[{"href":"https:\/\/parkpravikov.cz\/en\/wp-json\/wp\/v2\/media?parent=1759"}],"wp:term":[{"taxonomy":"category","embeddable":true,"href":"https:\/\/parkpravikov.cz\/en\/wp-json\/wp\/v2\/categories?post=1759"},{"taxonomy":"post_tag","embeddable":true,"href":"https:\/\/parkpravikov.cz\/en\/wp-json\/wp\/v2\/tags?post=1759"}],"curies":[{"name":"wp","href":"https:\/\/api.w.org\/{rel}","templated":true}]}}