{"id":1595,"date":"2013-05-22T13:33:49","date_gmt":"2013-05-22T11:33:49","guid":{"rendered":"\/?p=1595"},"modified":"2013-06-29T15:03:10","modified_gmt":"2013-06-29T13:03:10","slug":"letni-slunovrat-s-posvatnym-ohnem-a-inspiraci","status":"publish","type":"post","link":"https:\/\/parkpravikov.cz\/en\/letni-slunovrat-s-posvatnym-ohnem-a-inspiraci\/","title":{"rendered":"Letn\u00ed slunovrat s Posv\u00e1tn\u00fdm ohn\u011bm a Inspirac\u00ed"},"content":{"rendered":"<p><a href=\"\/en\/blog\/2013\/05\/22\/letni-slunovrat-s-posvatnym-ohnem-a-inspiraci\/\"><img loading=\"lazy\" class=\"alignnone  wp-image-1612\" src=\"\/wp-content\/uploads\/2013\/05\/Monografie-Claudie_Pravikov-2013.png\" alt=\"\" width=\"595\" height=\"842\" \/><\/a><\/p>\n<p><!--more-->Srde\u010dn\u011b v\u00e1s zveme na v\u00edkend 21. \u2013 23.6. v\u00a0Parku Prav\u00edkov, kdy prob\u011bhne oslava letn\u00edho slunovratu a prezentace monografie na t\u00e9ma\u00a0\u201e\u010cty\u0159i cesty predispozice k\u00a0v\u011b\u0161t\u011bn\u00ed v\u00a0Mezopot\u00e1mii a v hel\u00e9nistick\u00e9m sv\u011bt\u011b\u201c.<\/p>\n<p><em>T\u00e9ma \u201evnit\u0159n\u00ed predispozice\u201c k\u00a0Inspiraci<\/em><\/p>\n<p><em><\/em><em>Zku\u0161enost s\u00a0r\u016fzn\u00fdmi druhy oh\u0148\u016f \u2013 obrovsk\u00fd ohe\u0148, dvoupatrov\u00fd ohe\u0148<\/em><\/p>\n<p><em><\/em><em>Inspirace a v\u00fdm\u011bna n\u00e1zor\u016f a zku\u0161enost\u00ed ze \u010dty\u0159 \u00fahl\u016f pohledu (materi\u00e1ln\u00edho, form\u00e1ln\u00edho, ment\u00e1ln\u00edho, energetick\u00e9ho)<br \/>\n<\/em><\/p>\n<p><em><\/em><strong>Prezentace monografie \u201e\u010cty\u0159i cesty predispozice k\u00a0v\u011b\u0161t\u011bn\u00ed v\u00a0Mezopot\u00e1mii a v hel\u00e9nistick\u00e9m sv\u011bt\u011b\u201c Claudie Baudoin z\u00a0Parku studi\u00ed a reflexe La Belle Id\u00e9e ve Francii<\/strong><\/p>\n<p>Tato studie je zalo\u017eena na intuici, \u017ee \u010dlov\u011bk cht\u011bl \u201ep\u0159edpov\u00eddat\u201c budoucnost ve v\u0161ech dob\u00e1ch i kultur\u00e1ch. Zkoum\u00e1 dv\u011b kultury stoj\u00edc\u00ed u zrodu Evropy: Mezopot\u00e1mii a hel\u00e9nistick\u00fd sv\u011bt. Dle t\u00e9to studie je za schopnost\u00ed p\u0159edpov\u00eddat budoucnost mnohem sp\u00ed\u0161 ne\u017e dar \u201evnit\u0159n\u00ed predispozice\u201c, \u201edu\u0161evn\u00ed stav\u201c. Claudie vysv\u011btluje, \u017ee \u201etato vnit\u0159n\u00ed predispozice a z\u00e1m\u011br \u201enaslouchat\u201c tomu, co p\u0159esahuje zd\u00e1nliv\u00e9 v\u00fdsledky vn\u00edm\u00e1n\u00ed \u010dasu, jsou intuic\u00ed, kter\u00e1 ukazuje, \u017ee \u010dlov\u011bk nen\u00ed spout\u00e1n. Takov\u00fd fenom\u00e9n inspirovan\u00e9ho v\u011bdom\u00ed vede k\u00a0p\u0159eklad\u016fm nesm\u00edrn\u00e9 kr\u00e1sy.\u201c<\/p>\n<p><span style=\"text-decoration: underline\"><strong>Program<\/strong>:<\/span><\/p>\n<p><strong>P\u00e1tek 21.6.<\/strong> \u2013 oslava letn\u00edho slunovratu se spole\u010dnou \u017e\u00e1dost\u00ed<br \/>\n<strong>Sobota 22.6.<\/strong> \u2013 prezentace monografie jej\u00ed autorkou Claudie Baudoin + zku\u0161enost s\u00a0ohn\u011bm<br \/>\n<strong>Ned\u011ble 23.6.<\/strong> \u2013 besedy na r\u016fzn\u00e1 t\u00e9mata a neform\u00e1ln\u00ed setk\u00e1n\u00ed<\/p>\n<p>Kontakt, bli\u017e\u0161\u00ed informace a rezervace m\u00edst na span\u00ed: Dana Feminov\u00e1 (777 711 911, danafem@volny.cz).<\/p>\n<p>Pozv\u00e1nka v pdf:\u00a0<a href=\"\/en\/blog\/2013\/05\/22\/letni-slunovrat-s-posvatnym-ohnem-a-inspiraci\/monografie-claudie_pravikov-2013\/\" rel=\"attachment wp-att-1596\">Monografie-Claudie_Pravikov-2013<\/a><\/p>","protected":false},"excerpt":{"rendered":"","protected":false},"author":25,"featured_media":0,"comment_status":"closed","ping_status":"closed","sticky":false,"template":"","format":"standard","meta":[],"categories":[6,4],"tags":[],"_links":{"self":[{"href":"https:\/\/parkpravikov.cz\/en\/wp-json\/wp\/v2\/posts\/1595"}],"collection":[{"href":"https:\/\/parkpravikov.cz\/en\/wp-json\/wp\/v2\/posts"}],"about":[{"href":"https:\/\/parkpravikov.cz\/en\/wp-json\/wp\/v2\/types\/post"}],"author":[{"embeddable":true,"href":"https:\/\/parkpravikov.cz\/en\/wp-json\/wp\/v2\/users\/25"}],"replies":[{"embeddable":true,"href":"https:\/\/parkpravikov.cz\/en\/wp-json\/wp\/v2\/comments?post=1595"}],"version-history":[{"count":37,"href":"https:\/\/parkpravikov.cz\/en\/wp-json\/wp\/v2\/posts\/1595\/revisions"}],"predecessor-version":[{"id":1613,"href":"https:\/\/parkpravikov.cz\/en\/wp-json\/wp\/v2\/posts\/1595\/revisions\/1613"}],"wp:attachment":[{"href":"https:\/\/parkpravikov.cz\/en\/wp-json\/wp\/v2\/media?parent=1595"}],"wp:term":[{"taxonomy":"category","embeddable":true,"href":"https:\/\/parkpravikov.cz\/en\/wp-json\/wp\/v2\/categories?post=1595"},{"taxonomy":"post_tag","embeddable":true,"href":"https:\/\/parkpravikov.cz\/en\/wp-json\/wp\/v2\/tags?post=1595"}],"curies":[{"name":"wp","href":"https:\/\/api.w.org\/{rel}","templated":true}]}}