{"id":1578,"date":"2013-04-25T13:55:58","date_gmt":"2013-04-25T11:55:58","guid":{"rendered":"\/?p=1578"},"modified":"2013-04-25T14:01:58","modified_gmt":"2013-04-25T12:01:58","slug":"den-meditace-a-spolecna-zadost","status":"publish","type":"post","link":"https:\/\/parkpravikov.cz\/en\/den-meditace-a-spolecna-zadost\/","title":{"rendered":"Den meditace a spole\u010dn\u00e1 \u017e\u00e1dost"},"content":{"rendered":"<p><a href=\"\/en\/blog\/2013\/04\/25\/den-meditace-a-spolecna-zadost\/den-meditace-pravikov_04-05-2013\/\" rel=\"attachment wp-att-1580\"><img loading=\"lazy\" class=\"alignleft size-thumbnail wp-image-1580\" src=\"\/wp-content\/uploads\/2013\/04\/Den-meditace-pravikov_04-05-2013-150x100.jpg\" alt=\"\" width=\"150\" height=\"100\" \/><\/a>Srde\u010dn\u011b v\u00e1s zveme na oslavu 44. v\u00fdro\u010d\u00ed Silova prvn\u00edho ve\u0159ejn\u00e9ho projevu a zalo\u017een\u00ed Humanistick\u00e9ho hnut\u00ed &#8211; zveme v\u00e1s na Den meditace a spole\u010dnou \u017e\u00e1dost v Parku studi\u00ed a reflexe Prav\u00edkov.<\/p>\n<p><em>&#8230;za nad\u011bji na radost a m\u00edr v n\u00e1s i ve sv\u011bt\u011b&#8230;<\/em><br \/>\n<em> &#8230;za spojen\u00ed s posv\u00e1tn\u00fdm uvnit\u0159 n\u00e1s&#8230;<\/em><br \/>\n<em> &#8230;za p\u0159ekon\u00e1n\u00ed utrpen\u00ed v n\u00e1s i ve sv\u011bt\u011b, kter\u00fd n\u00e1s obklopuje&#8230;<\/em><\/p>\n<p><!--more--><\/p>\n<p><strong>Kde<\/strong>: Park studi\u00ed a reflexe Prav\u00edkov (Prav\u00edkov 18, Kamenice n. Lipou)<br \/>\n<strong>Kdy<\/strong>: sobota 4.5.2013 od 16:00<br \/>\n<strong>V\u00edce informac\u00ed<\/strong>: Petra Duhajsk\u00e1 (724 595 639, peta.duhajska@gmail.com)<\/p>\n<p><em>\u201eNenechej ub\u011bhnout sv\u016fj \u017eivot, ani\u017e by ses zeptal: \u201aKdo jsem?\u2018<\/em><br \/>\n<em>Nenechej ub\u011bhnout sv\u016fj \u017eivot, ani\u017e by ses zeptal: \u201aKam sm\u011b\u0159uji?\u2018\u201c <\/em><br \/>\n<em>Silo<\/em><\/p>\n<p><a href=\"http:\/\/www.facebook.com\/l.php?u=http%3A%2F%2Fwww.silovoposelstvi.cz&amp;h=4AQGaOR75&amp;s=1\" rel=\"nofollow nofollow\" target=\"_blank\">www.silovoposelstvi.cz<\/a><br \/>\n<a href=\"http:\/\/www.facebook.com\/l.php?u=http%3A%2F%2Fparkpravikov.cz&amp;h=IAQE5-keS&amp;s=1\" rel=\"nofollow nofollow\" target=\"_blank\">parkpravikov.cz<\/a><\/p>\n<p><a href=\"\/en\/blog\/2013\/04\/25\/den-meditace-a-spolecna-zadost\/den-meditace-pravikov_04-05-2013\/\" rel=\"attachment wp-att-1580\"><img loading=\"lazy\" class=\"alignnone size-full wp-image-1580\" src=\"\/wp-content\/uploads\/2013\/04\/Den-meditace-pravikov_04-05-2013.jpg\" alt=\"\" width=\"850\" height=\"568\" \/><\/a><a href=\"http:\/\/www.facebook.com\/l.php?u=http%3A%2F%2Fparkpravikov.cz&amp;h=IAQE5-keS&amp;s=1\" rel=\"nofollow nofollow\" target=\"_blank\">\u00a0<\/a><\/p>","protected":false},"excerpt":{"rendered":"<p>Srde\u010dn\u011b v\u00e1s zveme na oslavu 44. v\u00fdro\u010d\u00ed Silova prvn\u00edho ve\u0159ejn\u00e9ho projevu a zalo\u017een\u00ed Humanistick\u00e9ho hnut\u00ed &#8211; zveme v\u00e1s na Den meditace a spole\u010dnou \u017e\u00e1dost v Parku studi\u00ed a reflexe Prav\u00edkov. &#8230;za nad\u011bji na radost a m\u00edr v n\u00e1s i ve sv\u011bt\u011b&#8230; &#8230;za spojen\u00ed s posv\u00e1tn\u00fdm uvnit\u0159 n\u00e1s&#8230; &#8230;za p\u0159ekon\u00e1n\u00ed utrpen\u00ed v n\u00e1s i ve sv\u011bt\u011b, [&hellip;]<\/p>","protected":false},"author":25,"featured_media":0,"comment_status":"closed","ping_status":"closed","sticky":false,"template":"","format":"standard","meta":[],"categories":[6,4],"tags":[],"_links":{"self":[{"href":"https:\/\/parkpravikov.cz\/en\/wp-json\/wp\/v2\/posts\/1578"}],"collection":[{"href":"https:\/\/parkpravikov.cz\/en\/wp-json\/wp\/v2\/posts"}],"about":[{"href":"https:\/\/parkpravikov.cz\/en\/wp-json\/wp\/v2\/types\/post"}],"author":[{"embeddable":true,"href":"https:\/\/parkpravikov.cz\/en\/wp-json\/wp\/v2\/users\/25"}],"replies":[{"embeddable":true,"href":"https:\/\/parkpravikov.cz\/en\/wp-json\/wp\/v2\/comments?post=1578"}],"version-history":[{"count":13,"href":"https:\/\/parkpravikov.cz\/en\/wp-json\/wp\/v2\/posts\/1578\/revisions"}],"predecessor-version":[{"id":1593,"href":"https:\/\/parkpravikov.cz\/en\/wp-json\/wp\/v2\/posts\/1578\/revisions\/1593"}],"wp:attachment":[{"href":"https:\/\/parkpravikov.cz\/en\/wp-json\/wp\/v2\/media?parent=1578"}],"wp:term":[{"taxonomy":"category","embeddable":true,"href":"https:\/\/parkpravikov.cz\/en\/wp-json\/wp\/v2\/categories?post=1578"},{"taxonomy":"post_tag","embeddable":true,"href":"https:\/\/parkpravikov.cz\/en\/wp-json\/wp\/v2\/tags?post=1578"}],"curies":[{"name":"wp","href":"https:\/\/api.w.org\/{rel}","templated":true}]}}