{"id":1176,"date":"2012-07-27T20:46:50","date_gmt":"2012-07-27T18:46:50","guid":{"rendered":"\/?p=1176"},"modified":"2012-08-17T09:57:54","modified_gmt":"2012-08-17T07:57:54","slug":"noc-pod-hvezdami","status":"publish","type":"post","link":"https:\/\/parkpravikov.cz\/en\/noc-pod-hvezdami\/","title":{"rendered":"Noc pod hv\u011bzdami"},"content":{"rendered":"<p><strong><a href=\"\/en\/blog\/2012\/07\/27\/noc-pod-hvezdami\/pozorovani-hvezd_pravikov\/\" rel=\"attachment wp-att-1178\"><img loading=\"lazy\" class=\"alignleft size-thumbnail wp-image-1178\" src=\"\/wp-content\/uploads\/2012\/07\/pozorovani-hvezd_pravikov-150x109.jpg\" alt=\"\" width=\"150\" height=\"109\" \/><\/a>Pozorov\u00e1n\u00ed oblohy p\u0159i vyvrcholen\u00ed meteorick\u00e9ho roje Perseid<\/strong><br \/>\nsobota 11.8.2012,\u00a0za\u010d\u00e1tek programu: 18:00<\/p>\n<p>Prom\u00edt\u00e1n\u00ed dokument\u016f a inspirativn\u00edch vide\u00ed, diskuse a spole\u010dn\u00e9 z\u00e1\u017eitky.<!--more--><\/p>\n<p>Zhruba od 22 hodin n\u00e1s \u010dek\u00e1 pozorov\u00e1n\u00ed &#8211; budeme s sebou m\u00edt n\u011bkolik dalekohled\u016f, meteorick\u00fd roj Perseid je nav\u00edc p\u016fsobiv\u00e1 pod\u00edvan\u00e1 i pouh\u00fdm okem.<br \/>\nPodle po\u010das\u00ed a chuti m\u016f\u017eeme pozorovat a\u017e do r\u00e1na.<\/p>\n<p>B\u011bhem ve\u010dera bude k dispozici ob\u010derstven\u00ed s grilov\u00e1n\u00edm.<\/p>\n<p>Bli\u017e\u0161\u00ed informace: Petra Duhajsk\u00e1 (peta.duhajska@gmail.com, 724 595 639). M\u00edsta pro p\u0159esp\u00e1n\u00ed v Parku Prav\u00edkov nebo v nedalek\u00e9m penzionu je t\u0159eba p\u0159edem rezervovat.<\/p>\n<p><a href=\"\/en\/blog\/2012\/07\/27\/noc-pod-hvezdami\/pozorovani-hvezd_pravikov\/\" rel=\"attachment wp-att-1178\"><img loading=\"lazy\" class=\"alignnone size-large wp-image-1178\" src=\"\/wp-content\/uploads\/2012\/07\/pozorovani-hvezd_pravikov-584x427.jpg\" alt=\"\" width=\"584\" height=\"427\" \/><\/a><\/p>","protected":false},"excerpt":{"rendered":"<p>Pozorov\u00e1n\u00ed oblohy p\u0159i vyvrcholen\u00ed meteorick\u00e9ho roje Perseid sobota 11.8.2012,\u00a0za\u010d\u00e1tek programu: 18:00 Prom\u00edt\u00e1n\u00ed dokument\u016f a inspirativn\u00edch vide\u00ed, diskuse a spole\u010dn\u00e9 z\u00e1\u017eitky.<\/p>","protected":false},"author":25,"featured_media":0,"comment_status":"closed","ping_status":"closed","sticky":false,"template":"","format":"standard","meta":[],"categories":[6,4],"tags":[],"_links":{"self":[{"href":"https:\/\/parkpravikov.cz\/en\/wp-json\/wp\/v2\/posts\/1176"}],"collection":[{"href":"https:\/\/parkpravikov.cz\/en\/wp-json\/wp\/v2\/posts"}],"about":[{"href":"https:\/\/parkpravikov.cz\/en\/wp-json\/wp\/v2\/types\/post"}],"author":[{"embeddable":true,"href":"https:\/\/parkpravikov.cz\/en\/wp-json\/wp\/v2\/users\/25"}],"replies":[{"embeddable":true,"href":"https:\/\/parkpravikov.cz\/en\/wp-json\/wp\/v2\/comments?post=1176"}],"version-history":[{"count":18,"href":"https:\/\/parkpravikov.cz\/en\/wp-json\/wp\/v2\/posts\/1176\/revisions"}],"predecessor-version":[{"id":1211,"href":"https:\/\/parkpravikov.cz\/en\/wp-json\/wp\/v2\/posts\/1176\/revisions\/1211"}],"wp:attachment":[{"href":"https:\/\/parkpravikov.cz\/en\/wp-json\/wp\/v2\/media?parent=1176"}],"wp:term":[{"taxonomy":"category","embeddable":true,"href":"https:\/\/parkpravikov.cz\/en\/wp-json\/wp\/v2\/categories?post=1176"},{"taxonomy":"post_tag","embeddable":true,"href":"https:\/\/parkpravikov.cz\/en\/wp-json\/wp\/v2\/tags?post=1176"}],"curies":[{"name":"wp","href":"https:\/\/api.w.org\/{rel}","templated":true}]}}