{"id":1136,"date":"2012-06-20T22:30:57","date_gmt":"2012-06-20T20:30:57","guid":{"rendered":"\/?p=1136"},"modified":"2012-06-20T22:33:50","modified_gmt":"2012-06-20T20:33:50","slug":"instalace-brany-a-posledni-pripravy-na-inauguraci","status":"publish","type":"post","link":"https:\/\/parkpravikov.cz\/en\/instalace-brany-a-posledni-pripravy-na-inauguraci\/","title":{"rendered":"Instalace br\u00e1ny a posledn\u00ed p\u0159\u00edpravy na Inauguraci"},"content":{"rendered":"<p><iframe loading=\"lazy\" title=\"Park in Progress 17.6.2012\" width=\"800\" height=\"450\" src=\"https:\/\/www.youtube.com\/embed\/ZsJh8SQR5kQ?feature=oembed\" frameborder=\"0\" allow=\"accelerometer; autoplay; clipboard-write; encrypted-media; gyroscope; picture-in-picture\" allowfullscreen><\/iframe><\/p>\n<p>Posledn\u00ed pracovn\u00ed v\u00edkend p\u0159ed <a title=\"Slavnostn\u00ed inaugurace Parku studi\u00ed a reflexe Prav\u00edkov\" href=\"\/en\/blog\/2012\/04\/08\/slavnostni-inaugurace-parku-studii-a-reflexe-pravikov\/\">Inaugurac\u00ed<\/a> byl pro Park Prav\u00edkov skute\u010dn\u011b symbolick\u00fd &#8211; \u00fasp\u011b\u0161n\u011b jsme instalovali a zabetonovali vstupn\u00ed br\u00e1nu a poda\u0159ilo se n\u00e1m taky dokon\u010dit st\u00e9lu.<!--more--><\/p>\n<p>Za posledn\u00ed dva m\u011bs\u00edce se tv\u00e1\u0159 Parku opravdu z\u00e1sadn\u011b prom\u011bnila &#8211; p\u0159edn\u00ed \u010d\u00e1st pozemku pro\u0161la rozs\u00e1hl\u00fdmi \u00fapravami, velk\u00e1 j\u00edmka &#8222;zmizela&#8220; a stal se z n\u00ed amfite\u00e1tr, zasadili jsme okolo pozemku ke\u0159\u00edky, ze kter\u00fdch za p\u00e1r let bude kr\u00e1sn\u00fd \u017eiv\u00fd plot, namalovali jsme fas\u00e1du Centra pr\u00e1ce a n\u00e1\u0161 Park m\u00e1 sv\u00e9 prvn\u00ed symbolick\u00e9 prvky &#8211; font\u00e1nu, br\u00e1nu a st\u00e9lu.<\/p>\n<p>T\u011b\u0161\u00edme se, \u017ee tento v\u00fdznamn\u00fd krok oslav\u00edme v p\u0159\u00edjemn\u00e9 spole\u010dnosti na Slavnostn\u00ed inauguraci Parku Prav\u00edkov!<\/p>","protected":false},"excerpt":{"rendered":"<p>Posledn\u00ed pracovn\u00ed v\u00edkend p\u0159ed Inaugurac\u00ed byl pro Park Prav\u00edkov skute\u010dn\u011b symbolick\u00fd &#8211; \u00fasp\u011b\u0161n\u011b jsme instalovali a zabetonovali vstupn\u00ed br\u00e1nu a poda\u0159ilo se n\u00e1m taky dokon\u010dit st\u00e9lu.<\/p>","protected":false},"author":25,"featured_media":0,"comment_status":"closed","ping_status":"closed","sticky":false,"template":"","format":"standard","meta":[],"categories":[5,3,4],"tags":[],"_links":{"self":[{"href":"https:\/\/parkpravikov.cz\/en\/wp-json\/wp\/v2\/posts\/1136"}],"collection":[{"href":"https:\/\/parkpravikov.cz\/en\/wp-json\/wp\/v2\/posts"}],"about":[{"href":"https:\/\/parkpravikov.cz\/en\/wp-json\/wp\/v2\/types\/post"}],"author":[{"embeddable":true,"href":"https:\/\/parkpravikov.cz\/en\/wp-json\/wp\/v2\/users\/25"}],"replies":[{"embeddable":true,"href":"https:\/\/parkpravikov.cz\/en\/wp-json\/wp\/v2\/comments?post=1136"}],"version-history":[{"count":3,"href":"https:\/\/parkpravikov.cz\/en\/wp-json\/wp\/v2\/posts\/1136\/revisions"}],"predecessor-version":[{"id":1138,"href":"https:\/\/parkpravikov.cz\/en\/wp-json\/wp\/v2\/posts\/1136\/revisions\/1138"}],"wp:attachment":[{"href":"https:\/\/parkpravikov.cz\/en\/wp-json\/wp\/v2\/media?parent=1136"}],"wp:term":[{"taxonomy":"category","embeddable":true,"href":"https:\/\/parkpravikov.cz\/en\/wp-json\/wp\/v2\/categories?post=1136"},{"taxonomy":"post_tag","embeddable":true,"href":"https:\/\/parkpravikov.cz\/en\/wp-json\/wp\/v2\/tags?post=1136"}],"curies":[{"name":"wp","href":"https:\/\/api.w.org\/{rel}","templated":true}]}}