{"id":1122,"date":"2012-06-20T07:17:53","date_gmt":"2012-06-20T05:17:53","guid":{"rendered":"\/?p=1122"},"modified":"2012-06-29T17:34:09","modified_gmt":"2012-06-29T15:34:09","slug":"inaugurace-podrobny-program-a-doplnujici-informace","status":"publish","type":"post","link":"https:\/\/parkpravikov.cz\/en\/inaugurace-podrobny-program-a-doplnujici-informace\/","title":{"rendered":"INAUGURACE &#8211; PODROBN\u00dd PROGRAM A DOPL\u0147UJ\u00cdC\u00cd INFORMACE"},"content":{"rendered":"<p><span style=\"color: #333333;font-style: normal;line-height: 24px\"><a href=\"\/en\/blog\/2012\/06\/20\/inaugurace-podrobny-program-a-doplnujici-informace\/fontana-zapad-slunce\/\" rel=\"attachment wp-att-1130\"><img loading=\"lazy\" class=\"alignleft size-thumbnail wp-image-1130\" src=\"\/wp-content\/uploads\/2012\/06\/font\u00e1na-z\u00e1pad-slunce-150x100.jpg\" alt=\"\" width=\"150\" height=\"100\" \/><\/a>Ji\u017e o t<\/span>omto v\u00edkendu prob\u011bhne <strong><a title=\"Slavnostn\u00ed inaugurace Parku studi\u00ed a reflexe Prav\u00edkov\" href=\"\/en\/blog\/2012\/04\/08\/slavnostni-inaugurace-parku-studii-a-reflexe-pravikov\/\">Slavnostn\u00ed inaugurace Parku studi\u00ed a reflexe Prav\u00edkov<\/a><\/strong>, na kter\u00e9 spole\u010dn\u011b oslav\u00edme vznik Parku i s prvn\u00edmi symbolick\u00fdmi prvky a spole\u010dn\u011b po\u017e\u00e1d\u00e1me o to, aby se mohlo projevit to nejlep\u0161\u00ed v ka\u017ed\u00e9m z n\u00e1s. Aby o v\u00edkendu v\u0161e co nejl\u00e9pe fungovalo, n\u00ed\u017ee najdete podrobn\u00fd program a dal\u0161\u00ed informace k Inauguraci. Pokud jste se je\u0161t\u011b nezaregistrovali, vyu\u017eijte, pros\u00edm, <strong><a href=\"https:\/\/docs.google.com\/spreadsheet\/viewform?formkey=dGFDaEZ6aF9rbTl1OVlXMEFmMTlkZEE6MQ#gid=0\">registra\u010dn\u00ed formul\u00e1\u0159<\/a><\/strong>, usnadn\u00edte n\u00e1m tak p\u0159\u00edpravy.<!--more--><\/p>\n<p><strong>PROGRAM<\/strong><\/p>\n<p><strong>P\u00e1tek 22. \u010dervna<\/strong><br \/>\n19:00 ve\u010de\u0159e v Praze, Restaurace Zorto, Nek\u00e1zanka 6, Praha 1, zast\u00e1vka tramvaje Jid\u0159i\u0161sk\u00e1 (3, 9, 14, 24)<\/p>\n<p><strong>Sobota 23. \u010dervna<\/strong><br \/>\n09:30 odjezd autobus\u016f z Prahy do Parku (Sokolsk\u00e1 32, roh s Tyr\u0161ovou, Praha 2; pro v\u0161echny ubytovan\u00e9 v hotelu Exe Iris autobus p\u0159ijede p\u0159\u00edmo tam, sraz p\u0159ed hotelem v 9:30)<br \/>\n14:00 \u00favod slavnosti<br \/>\n14:15 spole\u010dn\u00e1 \u017d\u00e1dost<br \/>\n16:00 ceremonie Svatba<br \/>\n18:00 ceremonie Ochrana<br \/>\n19:00 odjezd autobus\u016f z Parku do Kamenice nad Lipou<br \/>\n19:30 spole\u010dn\u00e1 ve\u010de\u0159e v Kamenici, Restaurace U N\u00e1dra\u017e\u00ed, U N\u00e1dra\u017e\u00ed 325, Kamenice nad Lipou<br \/>\n22:00 odjezd autobusu z Kamenice do Prahy<\/p>\n<p><strong>Ned\u011ble 24. \u010dervna<\/strong><br \/>\ncca 9:15-9:30 odjezd autubusu od penzion\u016f v okol\u00ed Parku<br \/>\n10:00 sn\u00eddan\u011b v Parku<br \/>\ncel\u00fd den: voln\u00fd program v Parku \u2013 diskusn\u00ed skupinky a spole\u010dn\u00e9 ceremonie podle \u017e\u00e1dost\u00ed \u00fa\u010dastn\u00edk\u016f<br \/>\n17:00 odjezd autobusu z Parku do Prahy<br \/>\n20:00 spole\u010dn\u00e1 ve\u010de\u0159e v Praze, Restaurace Potrefen\u00e1 husa, Na Slupi 2, Praha 2, zast\u00e1vka tramvaje Albertov (7, 18, 24)<\/p>\n<p><strong>Paraleln\u00ed program v Parku b\u011bhem v\u00edkendu:<\/strong><br \/>\nv\u00fdstava fotografi\u00ed<br \/>\nprom\u00edt\u00e1n\u00ed video-prezentac\u00ed<br \/>\n\u201eexkurze\u201c do d\u00edlen a ostatn\u00edch prostor\u016f Parku<br \/>\ninforma\u010dn\u00ed st\u00e1nky, prodej upom\u00ednkov\u00fdch p\u0159edm\u011bt\u016f<\/p>\n<p><strong>Ob\u010derstven\u00ed b\u011bhem soboty a ned\u011ble v Parku:<\/strong><br \/>\nV Parku bude p\u0159ipravena mo\u017enost si koupit ob\u010derstven\u00ed b\u011bhem obou dn\u00ed (bagety, sal\u00e1ty, sladkosti, k\u00e1va, pit\u00ed a okolo poledne budou na v\u00fdb\u011br i tepl\u00e1 j\u00eddla), ve\u010de\u0159e jsou zaji\u0161t\u011bny v restaurac\u00edch.<\/p>\n<p><strong>KOTAKTY<\/strong><\/p>\n<p><strong>Program<\/strong><br \/>\nDaniela Cachov\u00e1, +420 724 785 876, bedy.ns@seznam.cz<br \/>\nGerardo Femina, +420 777 711 912, gfemina@gmail.com<\/p>\n<p><strong>Ubytov\u00e1n\u00ed<\/strong><br \/>\nDana Feminov\u00e1, +420 777 711 911, danafem@volny.cz<\/p>\n<p><strong>Doprava<\/strong><br \/>\nToni Antonucci, +420 775 406 297, toni@volny.cz<\/p>\n<p><strong>DOPRAVA<\/strong><\/p>\n<p><strong>Doprava autem z Prahy do Parku<\/strong><br \/>\nZ Prahy po d\u00e1lnici D1 sm\u011br Brno, na 90. kilometru sjezd Humpolec (EXIT 90) a po silnici \u010d. 34 do Pelh\u0159imova, z Pelh\u0159imova sm\u011br Kamenice nad Lipou a\u017e do Prav\u00edkova (cca 15 km) a p\u0159ed autobusovou zast\u00e1vkou doprava dle \u0161ipek Parky studi\u00ed a reflexe.<\/p>\n<p><strong>PEN\u00cdZE<\/strong><\/p>\n<p>Ve\u010de\u0159e v restaurac\u00edch a ob\u010derstven\u00ed v Parku bude t\u0159eba platit v hotovosti.<br \/>\nPen\u00edze za ubytov\u00e1n\u00ed pobl\u00ed\u017e Parku a dopravu autobusem budeme vyb\u00edrat v sobotu r\u00e1no u autobusu.<\/p>","protected":false},"excerpt":{"rendered":"<p>Ji\u017e o tomto v\u00edkendu prob\u011bhne Slavnostn\u00ed inaugurace Parku studi\u00ed a reflexe Prav\u00edkov, na kter\u00e9 spole\u010dn\u011b oslav\u00edme vznik Parku i s prvn\u00edmi symbolick\u00fdmi prvky a spole\u010dn\u011b po\u017e\u00e1d\u00e1me o to, aby se mohlo projevit to nejlep\u0161\u00ed v ka\u017ed\u00e9m z n\u00e1s. Aby o v\u00edkendu v\u0161e co nejl\u00e9pe fungovalo, n\u00ed\u017ee najdete podrobn\u00fd program a dal\u0161\u00ed informace k Inauguraci. Pokud [&hellip;]<\/p>","protected":false},"author":25,"featured_media":0,"comment_status":"closed","ping_status":"closed","sticky":false,"template":"","format":"standard","meta":[],"categories":[5,4],"tags":[],"_links":{"self":[{"href":"https:\/\/parkpravikov.cz\/en\/wp-json\/wp\/v2\/posts\/1122"}],"collection":[{"href":"https:\/\/parkpravikov.cz\/en\/wp-json\/wp\/v2\/posts"}],"about":[{"href":"https:\/\/parkpravikov.cz\/en\/wp-json\/wp\/v2\/types\/post"}],"author":[{"embeddable":true,"href":"https:\/\/parkpravikov.cz\/en\/wp-json\/wp\/v2\/users\/25"}],"replies":[{"embeddable":true,"href":"https:\/\/parkpravikov.cz\/en\/wp-json\/wp\/v2\/comments?post=1122"}],"version-history":[{"count":11,"href":"https:\/\/parkpravikov.cz\/en\/wp-json\/wp\/v2\/posts\/1122\/revisions"}],"predecessor-version":[{"id":1143,"href":"https:\/\/parkpravikov.cz\/en\/wp-json\/wp\/v2\/posts\/1122\/revisions\/1143"}],"wp:attachment":[{"href":"https:\/\/parkpravikov.cz\/en\/wp-json\/wp\/v2\/media?parent=1122"}],"wp:term":[{"taxonomy":"category","embeddable":true,"href":"https:\/\/parkpravikov.cz\/en\/wp-json\/wp\/v2\/categories?post=1122"},{"taxonomy":"post_tag","embeddable":true,"href":"https:\/\/parkpravikov.cz\/en\/wp-json\/wp\/v2\/tags?post=1122"}],"curies":[{"name":"wp","href":"https:\/\/api.w.org\/{rel}","templated":true}]}}