{"id":92,"date":"2011-12-03T23:55:34","date_gmt":"2011-12-03T22:55:34","guid":{"rendered":"\/?p=92"},"modified":"2011-12-04T00:16:54","modified_gmt":"2011-12-03T23:16:54","slug":"projekt-parku-studii-a-reflexe-v-ceske-republice","status":"publish","type":"post","link":"http:\/\/parkpravikov.cz\/es\/projekt-parku-studii-a-reflexe-v-ceske-republice\/","title":{"rendered":"Projekt Parku studi\u00ed a reflexe v \u010cesk\u00e9 republice"},"content":{"rendered":"<p><iframe loading=\"lazy\" title=\"Projekt Parku studi\u00ed a reflexe  v \u010cesk\u00e9 republice.\" width=\"800\" height=\"450\" src=\"https:\/\/www.youtube.com\/embed\/Zw2Jzmg_3EY?feature=oembed\" frameborder=\"0\" allow=\"accelerometer; autoplay; clipboard-write; encrypted-media; gyroscope; picture-in-picture\" allowfullscreen><\/iframe><\/p>\n<p>Ji\u017e od nepam\u011bti existuj\u00ed m\u00edsta k rozj\u00edm\u00e1n\u00ed nad zku\u0161enostmi p\u0159esahuj\u00edc\u00edmi r\u00e1mec ka\u017edodenn\u00edho \u017eivota, kter\u00e1 maj\u00ed co do \u010din\u011bn\u00ed se smyslem \u017eivota.<!--more--><\/p>\n<p>Ani celosv\u011btov\u00e1 vzr\u016fstaj\u00edc\u00ed krize nem\u016f\u017ee uml\u010det tyto hlubok\u00e9 ot\u00e1zky.<\/p>\n<blockquote><p>&#8222;&#8230;Ka\u017ed\u00e1 lidsk\u00e1 bytost m\u00e1 pr\u00e1vo pt\u00e1t se po smyslu \u017eivota, po l\u00e1sce, po p\u0159\u00e1telstv\u00ed, &#8230;po v\u0161em, co utv\u00e1\u0159\u00ed poezii a velikost lidsk\u00e9 existence. Existence, kterou se dne\u0161n\u00ed povrchn\u00ed a lhostejn\u00e1 materialistick\u00e1 kultura sna\u017e\u00ed degradovat &#8211; vle\u010d\u00edc v\u0161e ve sm\u011bru zvr\u00e1cen\u00fdch hodnot a rozpadu&#8220;<\/p><\/blockquote>\n<p>Tak\u017ee i dnes, mo\u017en\u00e1 v\u00edce, ne\u017e kdykoliv jindy, pot\u0159ebujeme tato zvl\u00e1\u0161tn\u00ed m\u00edsta, tyto speci\u00e1ln\u00ed prostory.<\/p>","protected":false},"excerpt":{"rendered":"<p>Ji\u017e od nepam\u011bti existuj\u00ed m\u00edsta k rozj\u00edm\u00e1n\u00ed nad zku\u0161enostmi p\u0159esahuj\u00edc\u00edmi r\u00e1mec ka\u017edodenn\u00edho \u017eivota, kter\u00e1 maj\u00ed co do \u010din\u011bn\u00ed se smyslem \u017eivota.<\/p>","protected":false},"author":1,"featured_media":0,"comment_status":"closed","ping_status":"closed","sticky":false,"template":"","format":"standard","meta":[],"categories":[3],"tags":[],"_links":{"self":[{"href":"http:\/\/parkpravikov.cz\/es\/wp-json\/wp\/v2\/posts\/92"}],"collection":[{"href":"http:\/\/parkpravikov.cz\/es\/wp-json\/wp\/v2\/posts"}],"about":[{"href":"http:\/\/parkpravikov.cz\/es\/wp-json\/wp\/v2\/types\/post"}],"author":[{"embeddable":true,"href":"http:\/\/parkpravikov.cz\/es\/wp-json\/wp\/v2\/users\/1"}],"replies":[{"embeddable":true,"href":"http:\/\/parkpravikov.cz\/es\/wp-json\/wp\/v2\/comments?post=92"}],"version-history":[{"count":7,"href":"http:\/\/parkpravikov.cz\/es\/wp-json\/wp\/v2\/posts\/92\/revisions"}],"predecessor-version":[{"id":94,"href":"http:\/\/parkpravikov.cz\/es\/wp-json\/wp\/v2\/posts\/92\/revisions\/94"}],"wp:attachment":[{"href":"http:\/\/parkpravikov.cz\/es\/wp-json\/wp\/v2\/media?parent=92"}],"wp:term":[{"taxonomy":"category","embeddable":true,"href":"http:\/\/parkpravikov.cz\/es\/wp-json\/wp\/v2\/categories?post=92"},{"taxonomy":"post_tag","embeddable":true,"href":"http:\/\/parkpravikov.cz\/es\/wp-json\/wp\/v2\/tags?post=92"}],"curies":[{"name":"wp","href":"https:\/\/api.w.org\/{rel}","templated":true}]}}