{"id":895,"date":"2012-04-16T15:11:55","date_gmt":"2012-04-16T13:11:55","guid":{"rendered":"\/?p=895"},"modified":"2012-12-31T01:16:38","modified_gmt":"2012-12-31T00:16:38","slug":"obrad-ohne-prace-s-ohnem-prace-v-remeslnych-dilnach-iv","status":"publish","type":"post","link":"http:\/\/parkpravikov.cz\/es\/obrad-ohne-prace-s-ohnem-prace-v-remeslnych-dilnach-iv\/","title":{"rendered":"Ob\u0159ad Ohn\u011b \u2013 Pr\u00e1ce s ohn\u011bm, pr\u00e1ce v \u0159emesln\u00fdch d\u00edln\u00e1ch IV."},"content":{"rendered":"<p><strong><a href=\"\/es\/blog\/2012\/04\/16\/obrad-ohne-prace-s-ohnem-prace-v-remeslnych-dilnach-iv\/sal-kov\/\" rel=\"attachment wp-att-916\"><img loading=\"lazy\" class=\"alignleft size-thumbnail wp-image-916\" src=\"\/wp-content\/uploads\/2012\/04\/sal-kov-150x112.jpg\" alt=\"\" width=\"150\" height=\"112\" \/><\/a>\u010ctvrt\u00e9 setk\u00e1n\u00ed s pracemi v d\u00edln\u011b\u00a0v Parku Prav\u00edkov bude od soboty <\/strong><strong><strong>28.4. <\/strong><strong>od 10 hod. <\/strong><strong>do ned\u011bln\u00edho ve\u010dera<\/strong>. <\/strong><strong><br \/>\n<\/strong><\/p>\n<p>Na prvn\u00edch setk\u00e1n\u00edch jsme pracovali s materi\u00e1ly za studena &#8211; vytvo\u0159ili jsme formy z kau\u010duku a pomoc\u00ed nich pak p\u0159edm\u011bty z vosku, cemetu, s\u00e1dry a prysky\u0159ice. Na dal\u0161\u00edch setk\u00e1n\u00edch jsme p\u0159e\u0161li do vy\u0161\u0161\u00edch teplot &#8211; do dal\u0161\u00ed etapy: pr\u00e1ce s kovy, kdy jsme v s\u00e1drov\u00fdch form\u00e1ch odlili p\u0159edm\u011bty ze slitiny. Nyn\u00ed se budeme v\u011bnovat kone\u010dn\u00fdm \u00faprav\u00e1m a za\u010di\u0161\u0165ov\u00e1n\u00ed vyroben\u00fdch p\u0159edm\u011bt\u016f. Setk\u00e1n\u00ed je otev\u0159en\u00e9 v\u0161em z\u00e1jemc\u016fm \u2013 potvrzen\u00ed \u00fa\u010dasti a v\u00edce informac\u00ed na tel. 608 731 162 nebo e-mailu: janb@volny.cz.<!--more--><\/p>\n<div id='gallery-1' class='gallery galleryid-895 gallery-columns-3 gallery-size-thumbnail'><figure class='gallery-item'>\r\n\t\t\t<div class='gallery-icon landscape'>\r\n\t\t\t\t<a href='http:\/\/parkpravikov.cz\/wp-content\/uploads\/2012\/04\/formy-kaucuk.jpg'><img width=\"150\" height=\"150\" src=\"http:\/\/parkpravikov.cz\/wp-content\/uploads\/2012\/04\/formy-kaucuk-150x150.jpg\" class=\"attachment-thumbnail size-thumbnail\" alt=\"\" loading=\"lazy\" \/><\/a>\r\n\t\t\t<\/div><\/figure><figure class='gallery-item'>\r\n\t\t\t<div class='gallery-icon landscape'>\r\n\t\t\t\t<a href='http:\/\/parkpravikov.cz\/wp-content\/uploads\/2012\/04\/michani-kaucuku.jpg'><img width=\"150\" height=\"150\" src=\"http:\/\/parkpravikov.cz\/wp-content\/uploads\/2012\/04\/michani-kaucuku-150x150.jpg\" class=\"attachment-thumbnail size-thumbnail\" alt=\"\" loading=\"lazy\" \/><\/a>\r\n\t\t\t<\/div><\/figure><figure class='gallery-item'>\r\n\t\t\t<div class='gallery-icon landscape'>\r\n\t\t\t\t<a href='http:\/\/parkpravikov.cz\/wp-content\/uploads\/2012\/04\/petr.jpg'><img width=\"150\" height=\"150\" src=\"http:\/\/parkpravikov.cz\/wp-content\/uploads\/2012\/04\/petr-150x150.jpg\" class=\"attachment-thumbnail size-thumbnail\" alt=\"\" loading=\"lazy\" \/><\/a>\r\n\t\t\t<\/div><\/figure><figure class='gallery-item'>\r\n\t\t\t<div class='gallery-icon landscape'>\r\n\t\t\t\t<a href='http:\/\/parkpravikov.cz\/wp-content\/uploads\/2012\/04\/prace-v-dilne-2.jpg'><img width=\"150\" height=\"150\" src=\"http:\/\/parkpravikov.cz\/wp-content\/uploads\/2012\/04\/prace-v-dilne-2-150x150.jpg\" class=\"attachment-thumbnail size-thumbnail\" alt=\"\" loading=\"lazy\" \/><\/a>\r\n\t\t\t<\/div><\/figure><figure class='gallery-item'>\r\n\t\t\t<div class='gallery-icon landscape'>\r\n\t\t\t\t<a href='http:\/\/parkpravikov.cz\/wp-content\/uploads\/2012\/04\/predmety.jpg'><img width=\"150\" height=\"150\" src=\"http:\/\/parkpravikov.cz\/wp-content\/uploads\/2012\/04\/predmety-150x150.jpg\" class=\"attachment-thumbnail size-thumbnail\" alt=\"\" loading=\"lazy\" \/><\/a>\r\n\t\t\t<\/div><\/figure><figure class='gallery-item'>\r\n\t\t\t<div class='gallery-icon landscape'>\r\n\t\t\t\t<a href='http:\/\/parkpravikov.cz\/wp-content\/uploads\/2012\/04\/toni.jpg'><img width=\"150\" height=\"150\" src=\"http:\/\/parkpravikov.cz\/wp-content\/uploads\/2012\/04\/toni-150x150.jpg\" class=\"attachment-thumbnail size-thumbnail\" alt=\"\" loading=\"lazy\" \/><\/a>\r\n\t\t\t<\/div><\/figure><figure class='gallery-item'>\r\n\t\t\t<div class='gallery-icon landscape'>\r\n\t\t\t\t<a href='http:\/\/parkpravikov.cz\/wp-content\/uploads\/2012\/04\/sal-kov.jpg'><img width=\"150\" height=\"150\" src=\"http:\/\/parkpravikov.cz\/wp-content\/uploads\/2012\/04\/sal-kov-150x150.jpg\" class=\"attachment-thumbnail size-thumbnail\" alt=\"\" loading=\"lazy\" \/><\/a>\r\n\t\t\t<\/div><\/figure>\r\n\t\t<\/div>\n\n<p><strong>\u201eOb\u0159ad Ohn\u011b\u201c<\/strong><\/p>\n<p>Historie ohn\u011b je pevn\u011b spjata s histori\u00ed a rozvojem \u010dlov\u011bka, s duchovnost\u00ed, p\u0159edstavou vesm\u00edru, s psychologi\u00ed i se spole\u010densk\u00fdm a technologick\u00fdm v\u00fdvojem. Jeho intuice i pozorov\u00e1n\u00ed, pr\u00e1ce trvaj\u00edc\u00ed tis\u00edce let, to v\u0161e co vedlo k t\u011bm nejd\u016fle\u017eit\u011bj\u0161\u00edm pokrok\u016fm \u2013 od uchov\u00e1n\u00ed ohn\u011b a\u017e po jeho vytv\u00e1\u0159en\u00ed, pozn\u00e1v\u00e1n\u00ed jak zvy\u0161ovat teplotu d\u00edky pec\u00edm a jeho pou\u017eit\u00ed k v\u00fdrob\u011b r\u016fzn\u00fdch p\u0159edm\u011bt\u016f\u2026to nejsou jen vn\u011bj\u0161\u00ed miln\u00edky, jsou to projevy vnit\u0159n\u00edch proces\u016f, vztah\u016f a nov\u00fdch pochopen\u00ed uvnit\u0159 \u010dlov\u011bka. Pr\u00e1ce s ohn\u011bm, pecemi, pr\u00e1ce spojen\u00e9 s p\u0159em\u011bnou hmoty jsou zp\u016fsobem, jak se p\u0159ibl\u00ed\u017eit tomuto historick\u00e9mu procesu.<\/p>\n<p>D\u00edlna u\u010d\u00ed vytv\u00e1\u0159et vnit\u0159n\u00ed proporci a tak\u00e9 zp\u016fsob, jak pracovat vyrovnan\u011b. P\u0159i t\u00e9to vn\u011bj\u0161\u00ed \u010dinnosti \u0159e\u0161\u00edme probl\u00e9my p\u0159esnosti a podrobnost\u00ed, a postupn\u011b tak vytv\u00e1\u0159\u00edme vnit\u0159n\u00ed proporce. Vnit\u0159n\u00ed stavy jsou s vn\u011bj\u0161\u00edmi operacemi spojeny ur\u010dit\u00fdm t\u00f3nem.<br \/>\nV \u0159emesln\u00fdch d\u00edln\u00e1ch se pracuje ve snaze nab\u00fdt p\u0159esnosti, proporce a \u0159\u00e1du, p\u0159i\u010dem\u017e se pomalu dosahuje st\u00e1losti a vyv\u00e1\u017eenosti. Vedle tohoto \u201epsychologick\u00e9ho tr\u00e9ninku\u201c, mohou b\u00fdt \u0159emesla tak\u00e9 d\u016fle\u017eitou a hlubokou studnic\u00ed inspirace.<\/p>\n<p>Prvn\u00ed etapa zahrnuje udr\u017eov\u00e1n\u00ed a rozd\u011bl\u00e1v\u00e1n\u00ed ohn\u011b. V n\u00e1sleduj\u00edc\u00ed etap\u011b za\u010d\u00edn\u00e1 pr\u00e1ce s materi\u00e1ly za studena (mramor, prysky\u0159ice, s\u00e1dra, cement atd.) a s formami, kter\u00e9 jim odpov\u00eddaj\u00ed. N\u00e1sleduj\u00edc\u00ed etapa je v\u011bnovan\u00e1 pr\u00e1ci se st\u00e1le vy\u0161\u0161\u00edmi teplotami, a to v n\u00e1sleduj\u00edc\u00edm po\u0159ad\u00ed: nejprve keramika a potom kovy jako c\u00edn, hlin\u00edk, m\u011b\u010f, bronz a \u017eelezo. Pr\u00e1ce s teplotami zahrnuje zach\u00e1zen\u00ed s vhodn\u00fdmi formami, n\u00e1\u0159ad\u00edm a s pecemi.<\/p>\n<p><strong>Prvn\u00ed etapa \u2013 Ohe\u0148<\/strong><br \/>\n\u2022 Pr\u00e1ce s ohn\u011bm \u2013 uchov\u00e1n\u00ed, p\u0159en\u00e1\u0161en\u00ed a rozd\u011bl\u00e1n\u00ed ohn\u011b k\u0159es\u00e1n\u00edm kameny<br \/>\n\u2022 Sb\u011br hl\u00edny, v\u00fdroba jednoduch\u00e9 p\u00edcky z hl\u00edny<br \/>\n\u2022 Udr\u017eov\u00e1n\u00ed teploty, jej\u00ed rozpt\u00fdlen\u00ed a jej\u00ed soust\u0159ed\u011bn\u00ed<\/p>\n<p><strong>Druh\u00e1 etapa \u2013 Pr\u00e1ce s materi\u00e1ly \u201eza studena\u201c<\/strong><br \/>\n\u2022 Pr\u00e1ce v d\u00edln\u011b s materi\u00e1ly za studena \u2013 vosk, kau\u010duk, prysky\u0159ice, s\u00e1dra a cement<br \/>\n\u2022 V\u00fdroba p\u0159edm\u011bt\u016f a jejich kopi\u00ed, v\u00fdroba formy<br \/>\n\u2022 \u010ci\u0161t\u011bn\u00ed, brou\u0161en\u00ed a le\u0161t\u011bn\u00ed p\u0159edm\u011bt\u016f<\/p>\n<p><strong>T\u0159et\u00ed etapa \u2013 Keramika<\/strong><br \/>\n\u2022 Pr\u00e1ce s keramickou hl\u00ednou a glazurou<br \/>\n\u2022 V\u00fdroba jednoduch\u00e9 pece na vypalov\u00e1n\u00ed hl\u00edny a keramiky<br \/>\n\u2022 Technika \u201eafrick\u00e9 raku\u201c, v\u00fdroba forem ze s\u00e1dry ze 2 odlitk\u016f<br \/>\n\u2022 V\u00fdroba pece na plyn (Tacho)<\/p>\n<p><strong>\u010ctvrt\u00e1 etapa \u2013 Kovy<\/strong><br \/>\n\u2022 Pr\u00e1ce s kovy \u2013 c\u00edn, m\u011b\u010f, mosaz, bronz, \u017eelezo<br \/>\n\u2022 Pr\u00e1ce s pec\u00ed Tacho a s v\u00fdhn\u00ed<br \/>\n\u2022 P\u0159\u00edprava r\u016fzn\u00fdch druh\u016f forem ze s\u00e1dry, k\u0159emene a k\u0159emenn\u00e9ho p\u00edsku<br \/>\n\u2022 V\u00fdroba kel\u00edmk\u016f a kovov\u00fdch n\u00e1stroj\u016f pot\u0159ebn\u00fdch p\u0159i pr\u00e1ci<\/p>\n<p><strong>P\u00e1t\u00e1 etapa \u2013 Sklo<\/strong><br \/>\n\u2022 Sklo foukan\u00e9, lit\u00e9 a odl\u00e9van\u00e9<br \/>\n\u2022 Stavba plynov\u00e9 a muflov\u00e9 pece<br \/>\n\u2022 V\u00fdroba n\u00e1stroj\u016f<br \/>\n\u2022 Pr\u00e1ce s oxidy, formami a povrchov\u00e9 \u00fapravy<\/p>","protected":false},"excerpt":{"rendered":"<p>\u010ctvrt\u00e9 setk\u00e1n\u00ed s pracemi v d\u00edln\u011b\u00a0v Parku Prav\u00edkov bude od soboty 28.4. od 10 hod. do ned\u011bln\u00edho ve\u010dera. Na prvn\u00edch setk\u00e1n\u00edch jsme pracovali s materi\u00e1ly za studena &#8211; vytvo\u0159ili jsme formy z kau\u010duku a pomoc\u00ed nich pak p\u0159edm\u011bty z vosku, cemetu, s\u00e1dry a prysky\u0159ice. Na dal\u0161\u00edch setk\u00e1n\u00edch jsme p\u0159e\u0161li do vy\u0161\u0161\u00edch teplot &#8211; do dal\u0161\u00ed [&hellip;]<\/p>","protected":false},"author":23,"featured_media":0,"comment_status":"closed","ping_status":"closed","sticky":false,"template":"","format":"standard","meta":[],"categories":[6,4],"tags":[],"_links":{"self":[{"href":"http:\/\/parkpravikov.cz\/es\/wp-json\/wp\/v2\/posts\/895"}],"collection":[{"href":"http:\/\/parkpravikov.cz\/es\/wp-json\/wp\/v2\/posts"}],"about":[{"href":"http:\/\/parkpravikov.cz\/es\/wp-json\/wp\/v2\/types\/post"}],"author":[{"embeddable":true,"href":"http:\/\/parkpravikov.cz\/es\/wp-json\/wp\/v2\/users\/23"}],"replies":[{"embeddable":true,"href":"http:\/\/parkpravikov.cz\/es\/wp-json\/wp\/v2\/comments?post=895"}],"version-history":[{"count":13,"href":"http:\/\/parkpravikov.cz\/es\/wp-json\/wp\/v2\/posts\/895\/revisions"}],"predecessor-version":[{"id":917,"href":"http:\/\/parkpravikov.cz\/es\/wp-json\/wp\/v2\/posts\/895\/revisions\/917"}],"wp:attachment":[{"href":"http:\/\/parkpravikov.cz\/es\/wp-json\/wp\/v2\/media?parent=895"}],"wp:term":[{"taxonomy":"category","embeddable":true,"href":"http:\/\/parkpravikov.cz\/es\/wp-json\/wp\/v2\/categories?post=895"},{"taxonomy":"post_tag","embeddable":true,"href":"http:\/\/parkpravikov.cz\/es\/wp-json\/wp\/v2\/tags?post=895"}],"curies":[{"name":"wp","href":"https:\/\/api.w.org\/{rel}","templated":true}]}}